{"id":440,"date":"2024-09-05T22:06:54","date_gmt":"2024-09-05T20:06:54","guid":{"rendered":"https:\/\/wordpress.gebhardt-architekt.com\/?p=440"},"modified":"2024-09-05T22:11:19","modified_gmt":"2024-09-05T20:11:19","slug":"architektur-centrum-hamburg-1999","status":"publish","type":"post","link":"https:\/\/gebhardt-architekt.com\/en\/2024\/09\/05\/architektur-centrum-hamburg-1999\/","title":{"rendered":"Architektur Centrum, Hamburg 1999"},"content":{"rendered":"<p><img decoding=\"async\" src=\"\/wp-content\/uploads\/2024\/09\/j_199903.jpg\" alt=\"Architektur Centrum, Hamburg 1999\"><\/p>\n<h1>Architektur Centrum, Hamburg 1999<\/h1>\n<div>\n<p>Die Umstrukturierung des ehemaligen Oberpostdirektionsgeb\u00e4udes zu einem Handels-, Museums- und Veranstaltungskomplex erfolgt \u00fcber die Wiederbelebung einer Sequenz glas\u00fcberdeckter H\u00f6fe und einer gro\u00dfz\u00fcgig verglasten \u00d6ffnung des Eingangsbereiches.<\/p>\n<\/p>\n<p>Perspektiven: H. Akyol<\/p>\n<\/div>\n<ul>\n<li>\n<p><img decoding=\"async\" src=\"\/wp-content\/uploads\/2024\/09\/j_199903_2.jpg\" alt=\"\"><\/p>\n<h3>Architektur Centrum, Hamburg 1999<\/h3>\n<\/li>\n<li>\n<p><img decoding=\"async\" src=\"\/wp-content\/uploads\/2024\/09\/j_199903_3.jpg\" alt=\"\"><\/p>\n<h3>Architektur Centrum, Hamburg 1999<\/h3>\n<\/li>\n<\/ul>\n<div>\n<p>    <button onclick=\"goBack()\" class=\"uk-button uk-button-primary\" style=\"background-color: #fAfAfA; color: #111; border-color: transparent;\">Zur\u00fcck zur \u00dcbersicht<\/button>\n<\/div>\n<p><!--more--><br \/>\n<!-- {\"type\":\"layout\",\"children\":[{\"type\":\"section\",\"props\":{\"image_position\":\"center-center\",\"padding_remove_top\":true,\"style\":\"default\",\"title_breakpoint\":\"xl\",\"title_position\":\"top-left\",\"title_rotation\":\"left\",\"vertical_align\":\"\",\"width\":\"default\"},\"children\":[{\"type\":\"row\",\"children\":[{\"type\":\"column\",\"props\":{\"image_position\":\"center-center\",\"position_sticky_breakpoint\":\"m\"},\"children\":[{\"type\":\"image\",\"props\":{\"image\":\"wp-content\\\/uploads\\\/2024\\\/09\\\/j_199903.jpg\",\"image_alt\":\"Architektur Centrum, Hamburg 1999\",\"image_svg_color\":\"emphasis\",\"image_width\":\"1759\",\"margin\":\"default\"}},{\"type\":\"headline\",\"props\":{\"content\":\"Architektur Centrum, Hamburg 1999\",\"content_en_us\":\"Architektur Centrum, Hamburg 1999\",\"css\":\".el-element, .el-element p {\\nfont-size:25px; font-weight: 400; font-family: HermesFB-Regular !important;\\n}\",\"title_element\":\"h1\",\"title_style\":\"h2\"}},{\"type\":\"text\",\"props\":{\"column_breakpoint\":\"m\",\"content\":\"\n\n<p>Die Umstrukturierung des ehemaligen Oberpostdirektionsgeb\\u00e4udes zu einem Handels-, Museums- und Veranstaltungskomplex erfolgt \\u00fcber die Wiederbelebung einer Sequenz glas\\u00fcberdeckter H\\u00f6fe und einer gro\\u00dfz\\u00fcgig verglasten \\u00d6ffnung des Eingangsbereiches.<\\\/p>\\n\n\n<p><\\\/p>\\n\n\n<p>Perspektiven: H. Akyol<\\\/p>\",\"content_en_us\":\"\n\n<p>The restructuring of the former post office headquarters building to a trade-, museum-, and events complex is achieved by means of a sequence of glass-covered courtyards and a generously glazed opening in the entrance area.<\\\/p>\\n\n\n<p><\\\/p>\\n\n\n<p>Perspectives: H. Akyol<\\\/p>\",\"margin\":\"default\"}}]}]}],\"name\":\"Header image + headline + text | DE & EN\"},{\"type\":\"section\",\"props\":{\"image_position\":\"center-center\",\"style\":\"default\",\"title_breakpoint\":\"xl\",\"title_position\":\"top-left\",\"title_rotation\":\"left\",\"vertical_align\":\"\",\"width\":\"default\"},\"children\":[{\"type\":\"row\",\"children\":[{\"type\":\"column\",\"props\":{\"image_position\":\"center-center\",\"position_sticky_breakpoint\":\"m\"},\"children\":[{\"type\":\"grid\",\"props\":{\"content_column_breakpoint\":\"m\",\"css\":\".el-title {\\nfont-size:15px;\\n}\\n\\n.el-image {\\nmax-height:900px;\\nwidth:auto;\\n}\",\"filter_align\":\"left\",\"filter_all\":true,\"filter_grid_breakpoint\":\"m\",\"filter_grid_width\":\"auto\",\"filter_position\":\"top\",\"filter_style\":\"tab\",\"grid_column_align\":true,\"grid_default\":\"1\",\"grid_masonry\":\"pack\",\"grid_medium\":\"1\",\"grid_row_align\":true,\"icon_width\":80,\"image_align\":\"top\",\"image_grid_breakpoint\":\"m\",\"image_grid_width\":\"1-2\",\"image_link\":true,\"image_svg_color\":\"emphasis\",\"item_animation\":true,\"lightbox\":true,\"lightbox_image_orientation\":true,\"link_style\":\"default\",\"link_text\":\"\",\"margin\":\"default\",\"meta_align\":\"below-title\",\"meta_element\":\"div\",\"meta_style\":\"text-meta\",\"panel_link\":true,\"show_content\":true,\"show_image\":true,\"show_link\":true,\"show_meta\":true,\"show_title\":false,\"text_align\":\"center\",\"title_align\":\"top\",\"title_element\":\"h3\",\"title_grid_breakpoint\":\"m\",\"title_grid_width\":\"1-2\",\"title_hover_style\":\"reset\"},\"children\":[{\"type\":\"grid_item\",\"props\":{\"image\":\"wp-content\\\/uploads\\\/2024\\\/09\\\/j_199903_2.jpg\",\"title\":\"Architektur Centrum, Hamburg 1999\"}},{\"type\":\"grid_item\",\"props\":{\"image\":\"wp-content\\\/uploads\\\/2024\\\/09\\\/j_199903_3.jpg\",\"title\":\"Architektur Centrum, Hamburg 1999\"}}]}]}]}],\"name\":\"Image-Grid\"},{\"type\":\"section\",\"props\":{\"image_position\":\"center-center\",\"style\":\"default\",\"title_breakpoint\":\"xl\",\"title_position\":\"top-left\",\"title_rotation\":\"left\",\"vertical_align\":\"\",\"width\":\"default\"},\"children\":[{\"type\":\"row\",\"children\":[{\"type\":\"column\",\"props\":{\"image_position\":\"center-center\",\"position_sticky_breakpoint\":\"m\"},\"children\":[{\"type\":\"html\",\"props\":{\"content\":\"<button onclick=\\\"goBack()\\\" class=\\\"uk-button uk-button-primary\\\" style=\\\"background-color: #fAfAfA; color: #111; border-color: transparent;\\\">Zur\\u00fcck zur \\u00dcbersicht<\\\/button>\",\"content_en_us\":\"<button onclick=\\\"goBack()\\\" class=\\\"uk-button uk-button-primary\\\" style=\\\"background-color: #fAfAfA; color: #111; border-color: transparent;\\\">Back to the overview<\\\/button>\",\"css\":\".el-element {\\ntext-align:center;\\n}\"}}]}]}],\"name\":\"Back to overview button\"}],\"version\":\"4.4.7\"} --><\/p>\n","protected":false},"excerpt":{"rendered":"<p>Architektur Centrum, Hamburg 1999 Die Umstrukturierung des ehemaligen Oberpostdirektionsgeb\u00e4udes zu einem Handels-, Museums- und Veranstaltungskomplex erfolgt \u00fcber die Wiederbelebung einer Sequenz glas\u00fcberdeckter H\u00f6fe und einer gro\u00dfz\u00fcgig verglasten \u00d6ffnung des Eingangsbereiches. Perspektiven: H. Akyol Architektur Centrum, Hamburg 1999 Architektur Centrum, Hamburg 1999 Zur\u00fcck zur \u00dcbersicht<\/p>\n","protected":false},"author":1,"featured_media":442,"comment_status":"open","ping_status":"open","sticky":false,"template":"","format":"standard","meta":{"footnotes":""},"categories":[18,13,32,19],"tags":[23,14,34,21],"class_list":["post-440","post","type-post","status-publish","format-standard","has-post-thumbnail","hentry","category-buero","category-denkmal","category-handel","category-privat","tag-buero","tag-denkmal","tag-handel","tag-privat"],"_links":{"self":[{"href":"https:\/\/gebhardt-architekt.com\/en\/wp-json\/wp\/v2\/posts\/440","targetHints":{"allow":["GET"]}}],"collection":[{"href":"https:\/\/gebhardt-architekt.com\/en\/wp-json\/wp\/v2\/posts"}],"about":[{"href":"https:\/\/gebhardt-architekt.com\/en\/wp-json\/wp\/v2\/types\/post"}],"author":[{"embeddable":true,"href":"https:\/\/gebhardt-architekt.com\/en\/wp-json\/wp\/v2\/users\/1"}],"replies":[{"embeddable":true,"href":"https:\/\/gebhardt-architekt.com\/en\/wp-json\/wp\/v2\/comments?post=440"}],"version-history":[{"count":5,"href":"https:\/\/gebhardt-architekt.com\/en\/wp-json\/wp\/v2\/posts\/440\/revisions"}],"predecessor-version":[{"id":448,"href":"https:\/\/gebhardt-architekt.com\/en\/wp-json\/wp\/v2\/posts\/440\/revisions\/448"}],"wp:featuredmedia":[{"embeddable":true,"href":"https:\/\/gebhardt-architekt.com\/en\/wp-json\/wp\/v2\/media\/442"}],"wp:attachment":[{"href":"https:\/\/gebhardt-architekt.com\/en\/wp-json\/wp\/v2\/media?parent=440"}],"wp:term":[{"taxonomy":"category","embeddable":true,"href":"https:\/\/gebhardt-architekt.com\/en\/wp-json\/wp\/v2\/categories?post=440"},{"taxonomy":"post_tag","embeddable":true,"href":"https:\/\/gebhardt-architekt.com\/en\/wp-json\/wp\/v2\/tags?post=440"}],"curies":[{"name":"wp","href":"https:\/\/api.w.org\/{rel}","templated":true}]}}