{"id":307,"date":"2024-08-30T18:00:05","date_gmt":"2024-08-30T16:00:05","guid":{"rendered":"https:\/\/wordpress.gebhardt-architekt.com\/?p=307"},"modified":"2025-01-17T00:45:54","modified_gmt":"2025-01-16T23:45:54","slug":"wohnen-und-arbeiten-am-alsterfleethamburg-1997-2-preis","status":"publish","type":"post","link":"https:\/\/gebhardt-architekt.com\/en\/2024\/08\/30\/wohnen-und-arbeiten-am-alsterfleethamburg-1997-2-preis\/","title":{"rendered":"Living and working am Alsterfleet, Hamburg 1997 (2nd prize)"},"content":{"rendered":"<p><img decoding=\"async\" src=\"\/wp-content\/uploads\/2024\/08\/j_199705.jpg\" alt=\"Wohnen und Arbeiten am Alsterfleet, Hamburg 1997 (2.Preis)\"><\/p>\n<h1>Wohnen und Arbeiten am Alsterfleet,<br \/>\nHamburg 1997 (2.Preis)<br \/>\n<\/h1>\n<div>\n<p>Die baumbestandene Fleetb\u00f6schung wird durch organische Bauk\u00f6per erg\u00e4nzt. Diese setzen sich mit ihrer gr\u00fcnen Kupferhaut von der durchgehenden Klinkerbebauung im R\u00fccken ab, integrieren sich aber gleichzeitig skulptural in das Baumgr\u00fcn und von der Materialit\u00e4t in die hanseatische Tradition.<\/p>\n<\/p>\n<p>Perspektiven: W. Gothe<br \/>Modell: Wiens und Partner<br \/>Fotos: H. M\u00fcnchhalfen<\/p>\n<\/div>\n<ul>\n<li>\n<p><img decoding=\"async\" src=\"\/wp-content\/uploads\/2024\/08\/j_199705_2.jpg\" alt=\"\"><\/p>\n<h3>Wohnen und Arbeiten am Alsterfleet, Hamburg 1997 (2.Preis)<\/h3>\n<\/li>\n<li>\n<p><img decoding=\"async\" src=\"\/wp-content\/uploads\/2024\/08\/j_199705_3.jpg\" alt=\"Wohnen und Arbeiten am Alsterfleet, Hamburg 1997 (2.Preis)\"><\/p>\n<h3>Wohnen und Arbeiten am Alsterfleet, Hamburg 1997 (2.Preis)<\/h3>\n<\/li>\n<\/ul>\n<div>\n<p>    <button onclick=\"goBack()\" class=\"uk-button uk-button-primary\" style=\"background-color: #fAfAfA; color: #111; border-color: transparent;\">Zur\u00fcck zur \u00dcbersicht<\/button>\n<\/div>\n<p><!--more--><br \/>\n<!-- {\"type\":\"layout\",\"children\":[{\"type\":\"section\",\"props\":{\"image_position\":\"center-center\",\"padding_remove_top\":true,\"style\":\"default\",\"title_breakpoint\":\"xl\",\"title_position\":\"top-left\",\"title_rotation\":\"left\",\"vertical_align\":\"\",\"width\":\"default\"},\"children\":[{\"type\":\"row\",\"children\":[{\"type\":\"column\",\"props\":{\"image_position\":\"center-center\",\"position_sticky_breakpoint\":\"m\"},\"children\":[{\"type\":\"image\",\"props\":{\"image\":\"wp-content\\\/uploads\\\/2024\\\/08\\\/j_199705.jpg\",\"image_alt\":\"Wohnen und Arbeiten am Alsterfleet, Hamburg 1997 (2.Preis)\",\"image_height\":1200,\"image_svg_color\":\"emphasis\",\"image_width\":\"1759\",\"margin\":\"default\"}},{\"type\":\"headline\",\"props\":{\"content\":\"Wohnen und Arbeiten am Alsterfleet,\\nHamburg 1997 (2.Preis)\\n\",\"content_en_us\":\"Living and working am Alsterfleet,\\nHamburg 1997 (2nd prize)\\n\",\"css\":\".el-element {\\nfont-size:25px;\\n}\",\"title_element\":\"h1\",\"title_style\":\"h2\"}},{\"type\":\"text\",\"props\":{\"column_breakpoint\":\"m\",\"content\":\"\n\n<p>Die baumbestandene Fleetb\\u00f6schung wird durch organische Bauk\\u00f6per erg\\u00e4nzt. Diese setzen sich mit ihrer gr\\u00fcnen Kupferhaut von der durchgehenden Klinkerbebauung im R\\u00fccken ab, integrieren sich aber gleichzeitig skulptural in das Baumgr\\u00fcn und von der Materialit\\u00e4t in die hanseatische Tradition.<\\\/p>\\n\n\n<p><\\\/p>\\n\n\n<p>Perspektiven: W. Gothe<br \\\/>Modell: Wiens und Partner<br \\\/>Fotos: H. M\\u00fcnchhalfen<\\\/p>\",\"content_en_us\":\"\n\n<p>The fleet embankment populated with trees is supplemented by organic building structures. With their green copper shells, they form a contrast to the continuous line of brick buildings behind, yet are at the same time integrated sculpturally into the green of the trees and the materiality of the hanseatic tradition.<\\\/p>\\n\n\n<p><\\\/p>\\n\n\n<p>Perspectives: W. Gothe<br \\\/>Model: Wiens und Partner<br \\\/>Photo: H. M\\u00fcnchhalfen<\\\/p>\",\"margin\":\"default\"}}]}]}],\"name\":\"Header image + headline + text | DE & EN\"},{\"type\":\"section\",\"props\":{\"image_position\":\"center-center\",\"style\":\"default\",\"title_breakpoint\":\"xl\",\"title_position\":\"top-left\",\"title_rotation\":\"left\",\"vertical_align\":\"\",\"width\":\"default\"},\"children\":[{\"type\":\"row\",\"children\":[{\"type\":\"column\",\"props\":{\"image_position\":\"center-center\",\"position_sticky_breakpoint\":\"m\"},\"children\":[{\"type\":\"grid\",\"props\":{\"content_column_breakpoint\":\"m\",\"css\":\".el-title {\\nfont-size:15px;\\n}\\n\\n.el-image {\\nmax-height:900px;\\nwidth:auto;\\n}\",\"filter_align\":\"left\",\"filter_all\":true,\"filter_grid_breakpoint\":\"m\",\"filter_grid_width\":\"auto\",\"filter_position\":\"top\",\"filter_style\":\"tab\",\"grid_column_align\":true,\"grid_default\":\"1\",\"grid_masonry\":\"pack\",\"grid_medium\":\"1\",\"grid_row_align\":true,\"icon_width\":80,\"image_align\":\"top\",\"image_grid_breakpoint\":\"m\",\"image_grid_width\":\"1-2\",\"image_link\":true,\"image_svg_color\":\"emphasis\",\"item_animation\":true,\"lightbox\":true,\"lightbox_image_orientation\":true,\"link_style\":\"default\",\"link_text\":\"\",\"margin\":\"default\",\"meta_align\":\"below-title\",\"meta_element\":\"div\",\"meta_style\":\"text-meta\",\"panel_link\":true,\"show_content\":true,\"show_image\":true,\"show_link\":true,\"show_meta\":true,\"show_title\":false,\"text_align\":\"center\",\"title_align\":\"top\",\"title_element\":\"h3\",\"title_grid_breakpoint\":\"m\",\"title_grid_width\":\"1-2\",\"title_hover_style\":\"reset\"},\"children\":[{\"type\":\"grid_item\",\"props\":{\"image\":\"wp-content\\\/uploads\\\/2024\\\/08\\\/j_199705_2.jpg\",\"title\":\"Wohnen und Arbeiten am Alsterfleet, Hamburg 1997 (2.Preis)\"}},{\"type\":\"grid_item\",\"props\":{\"image\":\"wp-content\\\/uploads\\\/2024\\\/08\\\/j_199705_3.jpg\",\"image_alt\":\"Wohnen und Arbeiten am Alsterfleet, Hamburg 1997 (2.Preis)\",\"title\":\"Wohnen und Arbeiten am Alsterfleet, Hamburg 1997 (2.Preis)\"}}]}]}]}],\"name\":\"Image-Grid\"},{\"type\":\"section\",\"props\":{\"image_position\":\"center-center\",\"style\":\"default\",\"title_breakpoint\":\"xl\",\"title_position\":\"top-left\",\"title_rotation\":\"left\",\"vertical_align\":\"\",\"width\":\"default\"},\"children\":[{\"type\":\"row\",\"children\":[{\"type\":\"column\",\"props\":{\"image_position\":\"center-center\",\"position_sticky_breakpoint\":\"m\"},\"children\":[{\"type\":\"html\",\"props\":{\"content\":\"<button onclick=\\\"goBack()\\\" class=\\\"uk-button uk-button-primary\\\" style=\\\"background-color: #fAfAfA; color: #111; border-color: transparent;\\\">Zur\\u00fcck zur \\u00dcbersicht<\\\/button>\",\"content_en_us\":\"<button onclick=\\\"goBack()\\\" class=\\\"uk-button uk-button-primary\\\" style=\\\"background-color: #fAfAfA; color: #111; border-color: transparent;\\\">Back to the overview<\\\/button>\",\"css\":\".el-element {\\ntext-align:center;\\n}\"}}]}]}],\"name\":\"Back to overview button\"}],\"version\":\"4.4.7\"} --><\/p>\n","protected":false},"excerpt":{"rendered":"<p>Wohnen und Arbeiten am Alsterfleet, Hamburg 1997 (2.Preis) Die baumbestandene Fleetb\u00f6schung wird durch organische Bauk\u00f6per erg\u00e4nzt. Diese setzen sich mit ihrer gr\u00fcnen Kupferhaut von der durchgehenden Klinkerbebauung im R\u00fccken ab, integrieren sich aber gleichzeitig skulptural in das Baumgr\u00fcn und von der Materialit\u00e4t in die hanseatische Tradition. Perspektiven: W. GotheModell: Wiens und PartnerFotos: H. M\u00fcnchhalfen Wohnen [&hellip;]<\/p>\n","protected":false},"author":1,"featured_media":308,"comment_status":"open","ping_status":"open","sticky":false,"template":"","format":"standard","meta":{"footnotes":""},"categories":[18,17,20,19,10],"tags":[23,24,22,21,9],"class_list":["post-307","post","type-post","status-publish","format-standard","has-post-thumbnail","hentry","category-buero","category-ensemble","category-preise","category-privat","category-wohnen","tag-buero","tag-ensemble","tag-preise","tag-privat","tag-wohnen"],"_links":{"self":[{"href":"https:\/\/gebhardt-architekt.com\/en\/wp-json\/wp\/v2\/posts\/307","targetHints":{"allow":["GET"]}}],"collection":[{"href":"https:\/\/gebhardt-architekt.com\/en\/wp-json\/wp\/v2\/posts"}],"about":[{"href":"https:\/\/gebhardt-architekt.com\/en\/wp-json\/wp\/v2\/types\/post"}],"author":[{"embeddable":true,"href":"https:\/\/gebhardt-architekt.com\/en\/wp-json\/wp\/v2\/users\/1"}],"replies":[{"embeddable":true,"href":"https:\/\/gebhardt-architekt.com\/en\/wp-json\/wp\/v2\/comments?post=307"}],"version-history":[{"count":10,"href":"https:\/\/gebhardt-architekt.com\/en\/wp-json\/wp\/v2\/posts\/307\/revisions"}],"predecessor-version":[{"id":2247,"href":"https:\/\/gebhardt-architekt.com\/en\/wp-json\/wp\/v2\/posts\/307\/revisions\/2247"}],"wp:featuredmedia":[{"embeddable":true,"href":"https:\/\/gebhardt-architekt.com\/en\/wp-json\/wp\/v2\/media\/308"}],"wp:attachment":[{"href":"https:\/\/gebhardt-architekt.com\/en\/wp-json\/wp\/v2\/media?parent=307"}],"wp:term":[{"taxonomy":"category","embeddable":true,"href":"https:\/\/gebhardt-architekt.com\/en\/wp-json\/wp\/v2\/categories?post=307"},{"taxonomy":"post_tag","embeddable":true,"href":"https:\/\/gebhardt-architekt.com\/en\/wp-json\/wp\/v2\/tags?post=307"}],"curies":[{"name":"wp","href":"https:\/\/api.w.org\/{rel}","templated":true}]}}