{"id":2165,"date":"2024-09-28T14:23:15","date_gmt":"2024-09-28T12:23:15","guid":{"rendered":"https:\/\/wordpress.gebhardt-architekt.com\/?p=2165"},"modified":"2024-09-28T14:24:37","modified_gmt":"2024-09-28T12:24:37","slug":"haus-hb-hamburg-2019","status":"publish","type":"post","link":"https:\/\/gebhardt-architekt.com\/en\/2024\/09\/28\/haus-hb-hamburg-2019\/","title":{"rendered":"House HB, Hamburg 2019"},"content":{"rendered":"<p><img decoding=\"async\" src=\"\/wp-content\/uploads\/2024\/09\/j_201903.jpg\" alt=\"Haus HB, Hamburg\u00a02019\"><\/p>\n<h1>Haus HB, Hamburg\u00a02019<\/h1>\n<div>\n<p><span data-contrast=\"auto\">Das auf einem gro\u00dfen bewaldeten Grundst\u00fcck freistehende Mehrgenerationenwohnhaus ist als Archetyp mit steil geneigtem Dach und monolithischer Bauweise geplant. Es zeichnet sich durch eine hohe Flexibilit\u00e4t in der m\u00f6glichen Aufteilung aus, um den sich \u00fcber die Zeit ver\u00e4ndernden Familienkonstellationen entsprechen zu k\u00f6nnen.<\/span><span data-ccp-props=\"{&quot;201341983&quot;:0,&quot;335559737&quot;:2797,&quot;335559740&quot;:276}\">\u00a0<\/span><\/p>\n<p><span data-contrast=\"auto\">Team: B. Arch. S. Espahani, Dipl.-Ing. B. Kn\u00f6pper<\/span><\/p>\n<\/div>\n<div>\n<p>    <button onclick=\"goBack()\" class=\"uk-button uk-button-primary\" style=\"background-color: #fAfAfA; color: #111; border-color: transparent;\">Zur\u00fcck zur \u00dcbersicht<\/button>\n<\/div>\n<p><!--more--><br \/>\n<!-- {\"type\":\"layout\",\"children\":[{\"type\":\"section\",\"props\":{\"image_position\":\"center-center\",\"padding_remove_top\":true,\"style\":\"default\",\"title_breakpoint\":\"xl\",\"title_position\":\"top-left\",\"title_rotation\":\"left\",\"vertical_align\":\"\",\"width\":\"default\"},\"children\":[{\"type\":\"row\",\"children\":[{\"type\":\"column\",\"props\":{\"image_position\":\"center-center\",\"position_sticky_breakpoint\":\"m\"},\"children\":[{\"type\":\"image\",\"props\":{\"image\":\"wp-content\\\/uploads\\\/2024\\\/09\\\/j_201903.jpg\",\"image_alt\":\"Haus HB, Hamburg\\u00a02019\",\"image_svg_color\":\"emphasis\",\"image_width\":\"1759\",\"margin\":\"default\"}},{\"type\":\"headline\",\"props\":{\"content\":\"Haus HB, Hamburg\\u00a02019\",\"content_en_us\":\"House HB, Hamburg 2019\",\"css\":\".el-element, .el-element p {\\nfont-size:25px; font-weight: 400; font-family: HermesFB-Regular !important;\\n}\",\"title_element\":\"h1\",\"title_style\":\"h2\"}},{\"type\":\"text\",\"props\":{\"column_breakpoint\":\"m\",\"content\":\"\n\n<p><span data-contrast=\\\"auto\\\">Das auf einem gro\\u00dfen bewaldeten Grundst\\u00fcck freistehende Mehrgenerationenwohnhaus ist als Archetyp mit steil geneigtem Dach und monolithischer Bauweise geplant. Es zeichnet sich durch eine hohe Flexibilit\\u00e4t in der m\\u00f6glichen Aufteilung aus, um den sich \\u00fcber die Zeit ver\\u00e4ndernden Familienkonstellationen entsprechen zu k\\u00f6nnen.<\\\/span><span data-ccp-props=\\\"{&quot;201341983&quot;:0,&quot;335559737&quot;:2797,&quot;335559740&quot;:276}\\\">\\u00a0<\\\/span><\\\/p>\\n\n\n<p><span data-contrast=\\\"auto\\\">Team: B. Arch. S. Espahani, Dipl.-Ing. B. Kn\\u00f6pper<\\\/span><\\\/p>\",\"content_en_us\":\"\n\n<p><span data-contrast=\\\"none\\\">The freestanding multi-generation house on a large wooded plot is planned as an archetype with a steeply pitched roof and monolithic construction. It is characterized by a high degree of flexibility in the possible layout in order to be able to meet the changing family con- stellations over time.<\\\/span><span data-ccp-props=\\\"{&quot;201341983&quot;:0,&quot;335559737&quot;:2792,&quot;335559740&quot;:276}\\\">\\u00a0<\\\/span><\\\/p>\\n\n\n<p><span data-contrast=\\\"auto\\\">Team: B. Arch. S. Espahani, Dipl.-Ing. B. Kn\\u00f6pper<\\\/span><span data-ccp-props=\\\"{&quot;201341983&quot;:0,&quot;335559737&quot;:2792,&quot;335559740&quot;:276}\\\">\\u00a0<\\\/span><\\\/p>\",\"margin\":\"default\"}}]}]}],\"name\":\"Header image + headline + text | DE & EN\"},{\"type\":\"section\",\"props\":{\"image_position\":\"center-center\",\"style\":\"default\",\"title_breakpoint\":\"xl\",\"title_position\":\"top-left\",\"title_rotation\":\"left\",\"vertical_align\":\"\",\"width\":\"default\"},\"children\":[{\"type\":\"row\",\"children\":[{\"type\":\"column\",\"props\":{\"image_position\":\"center-center\",\"position_sticky_breakpoint\":\"m\"},\"children\":[{\"type\":\"html\",\"props\":{\"content\":\"<button onclick=\\\"goBack()\\\" class=\\\"uk-button uk-button-primary\\\" style=\\\"background-color: #fAfAfA; color: #111; border-color: transparent;\\\">Zur\\u00fcck zur \\u00dcbersicht<\\\/button>\",\"content_en_us\":\"<button onclick=\\\"goBack()\\\" class=\\\"uk-button uk-button-primary\\\" style=\\\"background-color: #fAfAfA; color: #111; border-color: transparent;\\\">Back to the overview<\\\/button>\",\"css\":\".el-element {\\ntext-align:center;\\n}\"}}]}]}],\"name\":\"Back to overview button\"}],\"version\":\"4.4.7\"} --><\/p>\n","protected":false},"excerpt":{"rendered":"<p>Haus HB, Hamburg\u00a02019 Das auf einem gro\u00dfen bewaldeten Grundst\u00fcck freistehende Mehrgenerationenwohnhaus ist als Archetyp mit steil geneigtem Dach und monolithischer Bauweise geplant. Es zeichnet sich durch eine hohe Flexibilit\u00e4t in der m\u00f6glichen Aufteilung aus, um den sich \u00fcber die Zeit ver\u00e4ndernden Familienkonstellationen entsprechen zu k\u00f6nnen.\u00a0 Team: B. Arch. S. Espahani, Dipl.-Ing. B. Kn\u00f6pper Zur\u00fcck zur [&hellip;]<\/p>\n","protected":false},"author":2,"featured_media":1152,"comment_status":"open","ping_status":"open","sticky":false,"template":"","format":"standard","meta":{"footnotes":""},"categories":[19,10],"tags":[21,9],"class_list":["post-2165","post","type-post","status-publish","format-standard","has-post-thumbnail","hentry","category-privat","category-wohnen","tag-privat","tag-wohnen"],"_links":{"self":[{"href":"https:\/\/gebhardt-architekt.com\/en\/wp-json\/wp\/v2\/posts\/2165","targetHints":{"allow":["GET"]}}],"collection":[{"href":"https:\/\/gebhardt-architekt.com\/en\/wp-json\/wp\/v2\/posts"}],"about":[{"href":"https:\/\/gebhardt-architekt.com\/en\/wp-json\/wp\/v2\/types\/post"}],"author":[{"embeddable":true,"href":"https:\/\/gebhardt-architekt.com\/en\/wp-json\/wp\/v2\/users\/2"}],"replies":[{"embeddable":true,"href":"https:\/\/gebhardt-architekt.com\/en\/wp-json\/wp\/v2\/comments?post=2165"}],"version-history":[{"count":2,"href":"https:\/\/gebhardt-architekt.com\/en\/wp-json\/wp\/v2\/posts\/2165\/revisions"}],"predecessor-version":[{"id":2167,"href":"https:\/\/gebhardt-architekt.com\/en\/wp-json\/wp\/v2\/posts\/2165\/revisions\/2167"}],"wp:featuredmedia":[{"embeddable":true,"href":"https:\/\/gebhardt-architekt.com\/en\/wp-json\/wp\/v2\/media\/1152"}],"wp:attachment":[{"href":"https:\/\/gebhardt-architekt.com\/en\/wp-json\/wp\/v2\/media?parent=2165"}],"wp:term":[{"taxonomy":"category","embeddable":true,"href":"https:\/\/gebhardt-architekt.com\/en\/wp-json\/wp\/v2\/categories?post=2165"},{"taxonomy":"post_tag","embeddable":true,"href":"https:\/\/gebhardt-architekt.com\/en\/wp-json\/wp\/v2\/tags?post=2165"}],"curies":[{"name":"wp","href":"https:\/\/api.w.org\/{rel}","templated":true}]}}