{"id":2138,"date":"2024-09-26T23:13:05","date_gmt":"2024-09-26T21:13:05","guid":{"rendered":"https:\/\/wordpress.gebhardt-architekt.com\/?p=2138"},"modified":"2024-09-26T23:14:03","modified_gmt":"2024-09-26T21:14:03","slug":"fahltskamp-11-hamburg-2018","status":"publish","type":"post","link":"https:\/\/gebhardt-architekt.com\/en\/2024\/09\/26\/fahltskamp-11-hamburg-2018\/","title":{"rendered":"Fahltskamp 11, Hamburg\u00a02018"},"content":{"rendered":"<p><img decoding=\"async\" src=\"\/wp-content\/uploads\/2024\/09\/j_201802.jpg\" alt=\"Fahltskamp 11, Hamburg\u00a02018\"><\/p>\n<h1>Fahltskamp 11, Hamburg\u00a02018<\/h1>\n<div>\n<p><span data-contrast=\"auto\">Das Wohn- und Gesch\u00e4ftshaus weist 48 Wohneinheiten und eine erdgeschossige Gewerbeeinheit auf. Die notwendigen Stell-, Abfall und Mobilit\u00e4tshilfenpl\u00e4tze sind ebenerdig und die Abstellr\u00e4ume als Ankleider\u00e4ume innerhalb der Wohnungen vorgesehen, um ohne Keller auszukommen.<\/span><span data-ccp-props=\"{&quot;201341983&quot;:0,&quot;335559737&quot;:2797,&quot;335559740&quot;:276}\">\u00a0<\/span><\/p>\n<p><span data-contrast=\"auto\">Team: Dipl.-Ing. B. Kn\u00f6pper<\/span><span data-ccp-props=\"{&quot;201341983&quot;:0,&quot;335551550&quot;:6,&quot;335551620&quot;:6,&quot;335559737&quot;:2797,&quot;335559740&quot;:276}\">\u00a0<\/span><\/p>\n<\/div>\n<div>\n<p>    <button onclick=\"goBack()\" class=\"uk-button uk-button-primary\" style=\"background-color: #fAfAfA; color: #111; border-color: transparent;\">Zur\u00fcck zur \u00dcbersicht<\/button>\n<\/div>\n<p><!--more--><br \/>\n<!-- {\"type\":\"layout\",\"children\":[{\"type\":\"section\",\"props\":{\"image_position\":\"center-center\",\"padding_remove_top\":true,\"style\":\"default\",\"title_breakpoint\":\"xl\",\"title_position\":\"top-left\",\"title_rotation\":\"left\",\"vertical_align\":\"\",\"width\":\"default\"},\"children\":[{\"type\":\"row\",\"children\":[{\"type\":\"column\",\"props\":{\"image_position\":\"center-center\",\"position_sticky_breakpoint\":\"m\"},\"children\":[{\"type\":\"image\",\"props\":{\"image\":\"wp-content\\\/uploads\\\/2024\\\/09\\\/j_201802.jpg\",\"image_alt\":\"Fahltskamp 11, Hamburg\\u00a02018\",\"image_svg_color\":\"emphasis\",\"image_width\":\"1759\",\"margin\":\"default\"}},{\"type\":\"headline\",\"props\":{\"content\":\"Fahltskamp 11, Hamburg\\u00a02018\",\"content_en_us\":\"<span data-contrast=\\\"none\\\" xml:lang=\\\"EN-GB\\\" lang=\\\"EN-GB\\\" class=\\\"TextRun SCXW174892654 BCX8\\\"><span class=\\\"SpellingError SCXW174892654 BCX8\\\">Fahltskamp<\\\/span><span class=\\\"NormalTextRun SCXW174892654 BCX8\\\"> 11, Hamburg<\\\/span><span class=\\\"NormalTextRun SCXW174892654 BCX8\\\"> 2018<\\\/span><\\\/span><span class=\\\"EOP SCXW174892654 BCX8\\\" data-ccp-props=\\\"{&quot;201341983&quot;:0,&quot;335559737&quot;:2792,&quot;335559740&quot;:276}\\\">\\u00a0<\\\/span>\",\"css\":\".el-element, .el-element p {\\nfont-size:25px; font-weight: 400; font-family: HermesFB-Regular !important;\\n}\",\"title_element\":\"h1\",\"title_style\":\"h2\"}},{\"type\":\"text\",\"props\":{\"column_breakpoint\":\"m\",\"content\":\"\n\n<p><span data-contrast=\\\"auto\\\">Das Wohn- und Gesch\\u00e4ftshaus weist 48 Wohneinheiten und eine erdgeschossige Gewerbeeinheit auf. Die notwendigen Stell-, Abfall und Mobilit\\u00e4tshilfenpl\\u00e4tze sind ebenerdig und die Abstellr\\u00e4ume als Ankleider\\u00e4ume innerhalb der Wohnungen vorgesehen, um ohne Keller auszukommen.<\\\/span><span data-ccp-props=\\\"{&quot;201341983&quot;:0,&quot;335559737&quot;:2797,&quot;335559740&quot;:276}\\\">\\u00a0<\\\/span><\\\/p>\\n\n\n<p><span data-contrast=\\\"auto\\\">Team: Dipl.-Ing. B. Kn\\u00f6pper<\\\/span><span data-ccp-props=\\\"{&quot;201341983&quot;:0,&quot;335551550&quot;:6,&quot;335551620&quot;:6,&quot;335559737&quot;:2797,&quot;335559740&quot;:276}\\\">\\u00a0<\\\/span><\\\/p>\",\"content_en_us\":\"\n\n<p><span data-contrast=\\\"none\\\">The residential and commercial building has 48 residential units and a ground floor commercial unit. The necessary parking, waste and mobility aid spaces are at ground level and the storage rooms are provided as dressing rooms within the flats in order to manage without a cellar.<\\\/span><span data-ccp-props=\\\"{&quot;201341983&quot;:0,&quot;335559737&quot;:2792,&quot;335559740&quot;:276}\\\">\\u00a0<\\\/span><\\\/p>\\n\n\n<p><span data-contrast=\\\"none\\\">Team: Dipl.-Ing. B. Kn\\u00f6pper<\\\/span><span data-ccp-props=\\\"{&quot;201341983&quot;:0,&quot;335559737&quot;:2792,&quot;335559740&quot;:276}\\\">\\u00a0<\\\/span><\\\/p>\",\"margin\":\"default\"}}]}]}],\"name\":\"Header image + headline + text | DE & EN\"},{\"type\":\"section\",\"props\":{\"image_position\":\"center-center\",\"style\":\"default\",\"title_breakpoint\":\"xl\",\"title_position\":\"top-left\",\"title_rotation\":\"left\",\"vertical_align\":\"\",\"width\":\"default\"},\"children\":[{\"type\":\"row\",\"children\":[{\"type\":\"column\",\"props\":{\"image_position\":\"center-center\",\"position_sticky_breakpoint\":\"m\"},\"children\":[{\"type\":\"html\",\"props\":{\"content\":\"<button onclick=\\\"goBack()\\\" class=\\\"uk-button uk-button-primary\\\" style=\\\"background-color: #fAfAfA; color: #111; border-color: transparent;\\\">Zur\\u00fcck zur \\u00dcbersicht<\\\/button>\",\"content_en_us\":\"<button onclick=\\\"goBack()\\\" class=\\\"uk-button uk-button-primary\\\" style=\\\"background-color: #fAfAfA; color: #111; border-color: transparent;\\\">Back to the overview<\\\/button>\",\"css\":\".el-element {\\ntext-align:center;\\n}\"}}]}]}],\"name\":\"Back to overview button\"}],\"version\":\"4.4.7\"} --><\/p>\n","protected":false},"excerpt":{"rendered":"<p>Fahltskamp 11, Hamburg\u00a02018 Das Wohn- und Gesch\u00e4ftshaus weist 48 Wohneinheiten und eine erdgeschossige Gewerbeeinheit auf. Die notwendigen Stell-, Abfall und Mobilit\u00e4tshilfenpl\u00e4tze sind ebenerdig und die Abstellr\u00e4ume als Ankleider\u00e4ume innerhalb der Wohnungen vorgesehen, um ohne Keller auszukommen.\u00a0 Team: Dipl.-Ing. B. Kn\u00f6pper\u00a0 Zur\u00fcck zur \u00dcbersicht<\/p>\n","protected":false},"author":2,"featured_media":1131,"comment_status":"open","ping_status":"open","sticky":false,"template":"","format":"standard","meta":{"footnotes":""},"categories":[19,10],"tags":[21,9],"class_list":["post-2138","post","type-post","status-publish","format-standard","has-post-thumbnail","hentry","category-privat","category-wohnen","tag-privat","tag-wohnen"],"_links":{"self":[{"href":"https:\/\/gebhardt-architekt.com\/en\/wp-json\/wp\/v2\/posts\/2138","targetHints":{"allow":["GET"]}}],"collection":[{"href":"https:\/\/gebhardt-architekt.com\/en\/wp-json\/wp\/v2\/posts"}],"about":[{"href":"https:\/\/gebhardt-architekt.com\/en\/wp-json\/wp\/v2\/types\/post"}],"author":[{"embeddable":true,"href":"https:\/\/gebhardt-architekt.com\/en\/wp-json\/wp\/v2\/users\/2"}],"replies":[{"embeddable":true,"href":"https:\/\/gebhardt-architekt.com\/en\/wp-json\/wp\/v2\/comments?post=2138"}],"version-history":[{"count":2,"href":"https:\/\/gebhardt-architekt.com\/en\/wp-json\/wp\/v2\/posts\/2138\/revisions"}],"predecessor-version":[{"id":2140,"href":"https:\/\/gebhardt-architekt.com\/en\/wp-json\/wp\/v2\/posts\/2138\/revisions\/2140"}],"wp:featuredmedia":[{"embeddable":true,"href":"https:\/\/gebhardt-architekt.com\/en\/wp-json\/wp\/v2\/media\/1131"}],"wp:attachment":[{"href":"https:\/\/gebhardt-architekt.com\/en\/wp-json\/wp\/v2\/media?parent=2138"}],"wp:term":[{"taxonomy":"category","embeddable":true,"href":"https:\/\/gebhardt-architekt.com\/en\/wp-json\/wp\/v2\/categories?post=2138"},{"taxonomy":"post_tag","embeddable":true,"href":"https:\/\/gebhardt-architekt.com\/en\/wp-json\/wp\/v2\/tags?post=2138"}],"curies":[{"name":"wp","href":"https:\/\/api.w.org\/{rel}","templated":true}]}}