{"id":2124,"date":"2024-09-26T23:04:48","date_gmt":"2024-09-26T21:04:48","guid":{"rendered":"https:\/\/wordpress.gebhardt-architekt.com\/?p=2124"},"modified":"2024-09-26T23:05:59","modified_gmt":"2024-09-26T21:05:59","slug":"haus-sr-hamburg-2018","status":"publish","type":"post","link":"https:\/\/gebhardt-architekt.com\/en\/2024\/09\/26\/haus-sr-hamburg-2018\/","title":{"rendered":"House SR, Hamburg 2018"},"content":{"rendered":"<p><img decoding=\"async\" src=\"\/wp-content\/uploads\/2024\/09\/j_201806.jpg\" alt=\"Haus SR, Hamburg 2018\"><\/p>\n<h1>Haus SR, Hamburg 2018<\/h1>\n<div>\n<p><span data-contrast=\"auto\">Die Erweiterung und der Umbau einer \u201eKaffeem\u00fchle\u201c eines ehemaligen Hamburger Senators soll das Wohnen und Arbeiten von Freiberuflern an der Elbchaussee verbinden. Kriegssch\u00e4den\u00a0 legten ein Schl\u00e4mmen der bestehenden Ziegelfassade und einen dazu passenden Ziegel f\u00fcr die Erweiterung nahe. Die \u00d6ffnungen und die Teilung der Fenster werden im historischen Teil wieder hergestellt. Die Erweiterung weist dagegen ein frei komponiertes Spiel gro\u00dfer \u00d6ffnungen auf. Als Klammer wird hier neben dem Material auch die Profilierung der Bestandsfassade zitiert.<\/span><span data-ccp-props=\"{&quot;201341983&quot;:0,&quot;335559737&quot;:2797,&quot;335559740&quot;:276}\">\u00a0<\/span><\/p>\n<p><span data-contrast=\"auto\">Team: Dipl.-Ing. H. Henningsen<\/span><span data-ccp-props=\"{&quot;201341983&quot;:0,&quot;335559737&quot;:2797,&quot;335559740&quot;:276}\">\u00a0<\/span><\/p>\n<\/div>\n<div>\n<p>    <button onclick=\"goBack()\" class=\"uk-button uk-button-primary\" style=\"background-color: #fAfAfA; color: #111; border-color: transparent;\">Zur\u00fcck zur \u00dcbersicht<\/button>\n<\/div>\n<p><!--more--><br \/>\n<!-- {\"type\":\"layout\",\"children\":[{\"type\":\"section\",\"props\":{\"image_position\":\"center-center\",\"padding_remove_top\":true,\"style\":\"default\",\"title_breakpoint\":\"xl\",\"title_position\":\"top-left\",\"title_rotation\":\"left\",\"vertical_align\":\"\",\"width\":\"default\"},\"children\":[{\"type\":\"row\",\"children\":[{\"type\":\"column\",\"props\":{\"image_position\":\"center-center\",\"position_sticky_breakpoint\":\"m\"},\"children\":[{\"type\":\"image\",\"props\":{\"image\":\"wp-content\\\/uploads\\\/2024\\\/09\\\/j_201806.jpg\",\"image_alt\":\"Haus SR, Hamburg 2018\",\"image_svg_color\":\"emphasis\",\"image_width\":\"1759\",\"margin\":\"default\"}},{\"type\":\"headline\",\"props\":{\"content\":\"Haus SR, Hamburg 2018\",\"content_en_us\":\"House SR, Hamburg 2018\",\"css\":\".el-element, .el-element p {\\nfont-size:25px; font-weight: 400; font-family: HermesFB-Regular !important;\\n}\",\"title_element\":\"h1\",\"title_style\":\"h2\"}},{\"type\":\"text\",\"props\":{\"column_breakpoint\":\"m\",\"content\":\"\n\n<p><span data-contrast=\\\"auto\\\">Die Erweiterung und der Umbau einer \\u201eKaffeem\\u00fchle\\u201c eines ehemaligen Hamburger Senators soll das Wohnen und Arbeiten von Freiberuflern an der Elbchaussee verbinden. Kriegssch\\u00e4den\\u00a0 legten ein Schl\\u00e4mmen der bestehenden Ziegelfassade und einen dazu passenden Ziegel f\\u00fcr die Erweiterung nahe. Die \\u00d6ffnungen und die Teilung der Fenster werden im historischen Teil wieder hergestellt. Die Erweiterung weist dagegen ein frei komponiertes Spiel gro\\u00dfer \\u00d6ffnungen auf. Als Klammer wird hier neben dem Material auch die Profilierung der Bestandsfassade zitiert.<\\\/span><span data-ccp-props=\\\"{&quot;201341983&quot;:0,&quot;335559737&quot;:2797,&quot;335559740&quot;:276}\\\">\\u00a0<\\\/span><\\\/p>\\n\n\n<p><span data-contrast=\\\"auto\\\">Team: Dipl.-Ing. H. Henningsen<\\\/span><span data-ccp-props=\\\"{&quot;201341983&quot;:0,&quot;335559737&quot;:2797,&quot;335559740&quot;:276}\\\">\\u00a0<\\\/span><\\\/p>\",\"content_en_us\":\"\n\n<p><span data-contrast=\\\"none\\\">The extension and conversion of a \\\"coffee mill\\\" belonging to a former Ham- burg senator is intended to combine living and working for freelancers on the Elbchaussee. War damage suggested that the existing brick fa\\u00e7ade should be hammered and a matching brick used for the extension. The openings and the division of the windows are restored in the historic part. The extension, on the other hand, features a freely composed interplay of large openings. In addition to the material, the profiling of the existing fa\\u00e7ade is also cited here as a bracket.<\\\/span><span data-ccp-props=\\\"{&quot;201341983&quot;:0,&quot;335559737&quot;:2792,&quot;335559740&quot;:276}\\\">\\u00a0<\\\/span><\\\/p>\\n\n\n<p><span data-contrast=\\\"none\\\">Team: Dipl.-Ing. H. Henningsen<\\\/span><span data-ccp-props=\\\"{&quot;201341983&quot;:0,&quot;335559737&quot;:2792,&quot;335559740&quot;:276}\\\">\\u00a0<\\\/span><\\\/p>\",\"margin\":\"default\"}}]}]}],\"name\":\"Header image + headline + text | DE & EN\"},{\"type\":\"section\",\"props\":{\"image_position\":\"center-center\",\"style\":\"default\",\"title_breakpoint\":\"xl\",\"title_position\":\"top-left\",\"title_rotation\":\"left\",\"vertical_align\":\"\",\"width\":\"default\"},\"children\":[{\"type\":\"row\",\"children\":[{\"type\":\"column\",\"props\":{\"image_position\":\"center-center\",\"position_sticky_breakpoint\":\"m\"},\"children\":[{\"type\":\"html\",\"props\":{\"content\":\"<button onclick=\\\"goBack()\\\" class=\\\"uk-button uk-button-primary\\\" style=\\\"background-color: #fAfAfA; color: #111; border-color: transparent;\\\">Zur\\u00fcck zur \\u00dcbersicht<\\\/button>\",\"content_en_us\":\"<button onclick=\\\"goBack()\\\" class=\\\"uk-button uk-button-primary\\\" style=\\\"background-color: #fAfAfA; color: #111; border-color: transparent;\\\">Back to the overview<\\\/button>\",\"css\":\".el-element {\\ntext-align:center;\\n}\"}}]}]}],\"name\":\"Back to overview button\"}],\"version\":\"4.4.7\"} --><\/p>\n","protected":false},"excerpt":{"rendered":"<p>Haus SR, Hamburg 2018 Die Erweiterung und der Umbau einer \u201eKaffeem\u00fchle\u201c eines ehemaligen Hamburger Senators soll das Wohnen und Arbeiten von Freiberuflern an der Elbchaussee verbinden. Kriegssch\u00e4den\u00a0 legten ein Schl\u00e4mmen der bestehenden Ziegelfassade und einen dazu passenden Ziegel f\u00fcr die Erweiterung nahe. Die \u00d6ffnungen und die Teilung der Fenster werden im historischen Teil wieder hergestellt. [&hellip;]<\/p>\n","protected":false},"author":2,"featured_media":1135,"comment_status":"open","ping_status":"open","sticky":false,"template":"","format":"standard","meta":{"footnotes":""},"categories":[36,19,10],"tags":[37,21,9],"class_list":["post-2124","post","type-post","status-publish","format-standard","has-post-thumbnail","hentry","category-interieur","category-privat","category-wohnen","tag-interieur","tag-privat","tag-wohnen"],"_links":{"self":[{"href":"https:\/\/gebhardt-architekt.com\/en\/wp-json\/wp\/v2\/posts\/2124","targetHints":{"allow":["GET"]}}],"collection":[{"href":"https:\/\/gebhardt-architekt.com\/en\/wp-json\/wp\/v2\/posts"}],"about":[{"href":"https:\/\/gebhardt-architekt.com\/en\/wp-json\/wp\/v2\/types\/post"}],"author":[{"embeddable":true,"href":"https:\/\/gebhardt-architekt.com\/en\/wp-json\/wp\/v2\/users\/2"}],"replies":[{"embeddable":true,"href":"https:\/\/gebhardt-architekt.com\/en\/wp-json\/wp\/v2\/comments?post=2124"}],"version-history":[{"count":2,"href":"https:\/\/gebhardt-architekt.com\/en\/wp-json\/wp\/v2\/posts\/2124\/revisions"}],"predecessor-version":[{"id":2126,"href":"https:\/\/gebhardt-architekt.com\/en\/wp-json\/wp\/v2\/posts\/2124\/revisions\/2126"}],"wp:featuredmedia":[{"embeddable":true,"href":"https:\/\/gebhardt-architekt.com\/en\/wp-json\/wp\/v2\/media\/1135"}],"wp:attachment":[{"href":"https:\/\/gebhardt-architekt.com\/en\/wp-json\/wp\/v2\/media?parent=2124"}],"wp:term":[{"taxonomy":"category","embeddable":true,"href":"https:\/\/gebhardt-architekt.com\/en\/wp-json\/wp\/v2\/categories?post=2124"},{"taxonomy":"post_tag","embeddable":true,"href":"https:\/\/gebhardt-architekt.com\/en\/wp-json\/wp\/v2\/tags?post=2124"}],"curies":[{"name":"wp","href":"https:\/\/api.w.org\/{rel}","templated":true}]}}