{"id":2094,"date":"2024-09-26T22:11:59","date_gmt":"2024-09-26T20:11:59","guid":{"rendered":"https:\/\/wordpress.gebhardt-architekt.com\/?p=2094"},"modified":"2025-01-20T14:01:46","modified_gmt":"2025-01-20T13:01:46","slug":"wohnen-am-quartierspark-hamburg-2016-anerkennung","status":"publish","type":"post","link":"https:\/\/gebhardt-architekt.com\/en\/2024\/09\/26\/wohnen-am-quartierspark-hamburg-2016-anerkennung\/","title":{"rendered":"Living by Quartierspark, Hamburg 2016 "},"content":{"rendered":"<p><img decoding=\"async\" src=\"\/wp-content\/uploads\/2024\/09\/j_201601.jpg\" alt=\"Wohnen am Quartierspark, Hamburg 2016 (Anerkennung)\u00a0\"><\/p>\n<h1>Wohnen am Quartierspark, Hamburg 2016 (Anerkennung)<\/h1>\n<div>\n<p><span data-contrast=\"auto\">Der f\u00f6rderungsf\u00e4hige Wohnungsbau in suburbaner Lage wurde auf der Grundlage eines st\u00e4dtebaulichen Wettbewerbs konzipiert. Die diesem Segment eigenen \u00f6konomischen Bedingungen wurden durch die Nachbarschaft zu Unterk\u00fcnften f\u00fcr 4.000 Fl\u00fcchtlinge noch herausfordernder. Entwurfsverfassung im Auftrag von Lars Wittorf Architekt.<\/span><span data-ccp-props=\"{&quot;201341983&quot;:0,&quot;335559737&quot;:2797,&quot;335559740&quot;:276}\">\u00a0<\/span><\/p>\n<p><span data-contrast=\"auto\">Im Auftrag von Lars Wittorf Architekt<\/span><span data-ccp-props=\"{&quot;201341983&quot;:0,&quot;335551550&quot;:6,&quot;335551620&quot;:6,&quot;335559737&quot;:2797,&quot;335559740&quot;:276}\">\u00a0<\/span><\/p>\n<p><span data-contrast=\"auto\">Team: Dipl.-Ing. E. Kaiser<\/span><span data-ccp-props=\"{&quot;201341983&quot;:0,&quot;335551550&quot;:6,&quot;335551620&quot;:6,&quot;335559737&quot;:2797,&quot;335559740&quot;:276}\">\u00a0<\/span><\/p>\n<\/div>\n<ul>\n<li>\n<p><img decoding=\"async\" src=\"\/wp-content\/uploads\/2024\/09\/j_201601_2.jpg\" alt=\"\"><\/p>\n<h3>Wohnen am Quartierspark, Hamburg 2016 (Anerkennung)\u00a0<\/h3>\n<\/li>\n<li>\n<p><img decoding=\"async\" src=\"\/wp-content\/uploads\/2024\/09\/j_201601_3.jpg\" alt=\"\"><\/p>\n<h3>Wohnen am Quartierspark, Hamburg 2016 (Anerkennung)\u00a0<\/h3>\n<\/li>\n<li>\n<p><img decoding=\"async\" src=\"\/wp-content\/uploads\/2024\/09\/j_201601_4.jpg\" alt=\"\"><\/p>\n<h3>Wohnen am Quartierspark, Hamburg 2016 (Anerkennung)\u00a0<\/h3>\n<\/li>\n<li>\n<p><img decoding=\"async\" src=\"\/wp-content\/uploads\/2024\/09\/j_201601_6.jpg\" alt=\"\"><\/p>\n<h3>Wohnen am Quartierspark, Hamburg 2016 (Anerkennung)\u00a0<\/h3>\n<\/li>\n<\/ul>\n<div>\n<p>    <button onclick=\"goBack()\" class=\"uk-button uk-button-primary\" style=\"background-color: #fAfAfA; color: #111; border-color: transparent;\">Zur\u00fcck zur \u00dcbersicht<\/button>\n<\/div>\n<p><!--more--><br \/>\n<!-- {\"type\":\"layout\",\"children\":[{\"type\":\"section\",\"props\":{\"image_position\":\"center-center\",\"padding_remove_top\":true,\"style\":\"default\",\"title_breakpoint\":\"xl\",\"title_position\":\"top-left\",\"title_rotation\":\"left\",\"vertical_align\":\"\",\"width\":\"default\"},\"children\":[{\"type\":\"row\",\"children\":[{\"type\":\"column\",\"props\":{\"image_position\":\"center-center\",\"position_sticky_breakpoint\":\"m\"},\"children\":[{\"type\":\"image\",\"props\":{\"image\":\"wp-content\\\/uploads\\\/2024\\\/09\\\/j_201601.jpg\",\"image_alt\":\"Wohnen am Quartierspark, Hamburg 2016 (Anerkennung)\\u00a0\",\"image_svg_color\":\"emphasis\",\"image_width\":\"1759\",\"margin\":\"default\"}},{\"type\":\"headline\",\"props\":{\"content\":\"Wohnen am Quartierspark, Hamburg 2016 (Anerkennung)\",\"content_en_us\":\"<span data-contrast=\\\"none\\\" xml:lang=\\\"EN-GB\\\" lang=\\\"EN-GB\\\" class=\\\"TextRun SCXW265878044 BCX8\\\"><span class=\\\"NormalTextRun SCXW265878044 BCX8\\\">Living by <\\\/span><span class=\\\"SpellingError SCXW265878044 BCX8\\\">Quartierspark<\\\/span><span class=\\\"NormalTextRun SCXW265878044 BCX8\\\">, Hamburg<\\\/span><span class=\\\"NormalTextRun SCXW265878044 BCX8\\\"> 2016<\\\/span><\\\/span><span class=\\\"EOP SCXW265878044 BCX8\\\" data-ccp-props=\\\"{&quot;201341983&quot;:0,&quot;335559737&quot;:2792,&quot;335559740&quot;:276}\\\">\\u00a0<\\\/span>\",\"css\":\".el-element, .el-element p {\\nfont-size:25px; font-weight: 400; font-family: HermesFB-Regular !important;\\n}\",\"title_element\":\"h1\",\"title_style\":\"h2\"}},{\"type\":\"text\",\"props\":{\"column_breakpoint\":\"m\",\"content\":\"\n\n<p><span data-contrast=\\\"auto\\\">Der f\\u00f6rderungsf\\u00e4hige Wohnungsbau in suburbaner Lage wurde auf der Grundlage eines st\\u00e4dtebaulichen Wettbewerbs konzipiert. Die diesem Segment eigenen \\u00f6konomischen Bedingungen wurden durch die Nachbarschaft zu Unterk\\u00fcnften f\\u00fcr 4.000 Fl\\u00fcchtlinge noch herausfordernder. Entwurfsverfassung im Auftrag von Lars Wittorf Architekt.<\\\/span><span data-ccp-props=\\\"{&quot;201341983&quot;:0,&quot;335559737&quot;:2797,&quot;335559740&quot;:276}\\\">\\u00a0<\\\/span><\\\/p>\\n\n\n<p><span data-contrast=\\\"auto\\\">Im Auftrag von Lars Wittorf Architekt<\\\/span><span data-ccp-props=\\\"{&quot;201341983&quot;:0,&quot;335551550&quot;:6,&quot;335551620&quot;:6,&quot;335559737&quot;:2797,&quot;335559740&quot;:276}\\\">\\u00a0<\\\/span><\\\/p>\\n\n\n<p><span data-contrast=\\\"auto\\\">Team: Dipl.-Ing. E. Kaiser<\\\/span><span data-ccp-props=\\\"{&quot;201341983&quot;:0,&quot;335551550&quot;:6,&quot;335551620&quot;:6,&quot;335559737&quot;:2797,&quot;335559740&quot;:276}\\\">\\u00a0<\\\/span><\\\/p>\",\"content_en_us\":\"\n\n<p><span data-contrast=\\\"none\\\">The state funded residential building in a suburban location was designed on the basis of an urban planning competition. The economic context specific to this sector became even more challenging following the provision of housing for 4000 refugees in the direct neighborhood.<\\\/span><span data-ccp-props=\\\"{&quot;201341983&quot;:0,&quot;335559737&quot;:2792,&quot;335559740&quot;:276}\\\">\\u00a0<\\\/span><\\\/p>\\n\n\n<p><span data-contrast=\\\"none\\\">Team: Dipl.-Ing. E. Kaiser<\\\/span><\\\/p>\",\"margin\":\"default\"}}]}]}],\"name\":\"Header image + headline + text | DE & EN\"},{\"type\":\"section\",\"props\":{\"image_position\":\"center-center\",\"style\":\"default\",\"title_breakpoint\":\"xl\",\"title_position\":\"top-left\",\"title_rotation\":\"left\",\"vertical_align\":\"\",\"width\":\"default\"},\"children\":[{\"type\":\"row\",\"children\":[{\"type\":\"column\",\"props\":{\"image_position\":\"center-center\",\"position_sticky_breakpoint\":\"m\"},\"children\":[{\"type\":\"grid\",\"props\":{\"content_column_breakpoint\":\"m\",\"css\":\".el-title {\\nfont-size:15px;\\n}\\n\\n.el-image {\\nmax-height:900px;\\nwidth:auto;\\n}\",\"filter_align\":\"left\",\"filter_all\":true,\"filter_grid_breakpoint\":\"m\",\"filter_grid_width\":\"auto\",\"filter_position\":\"top\",\"filter_style\":\"tab\",\"grid_column_align\":true,\"grid_default\":\"1\",\"grid_masonry\":\"pack\",\"grid_medium\":\"1\",\"grid_row_align\":true,\"icon_width\":80,\"image_align\":\"top\",\"image_grid_breakpoint\":\"m\",\"image_grid_width\":\"1-2\",\"image_link\":true,\"image_svg_color\":\"emphasis\",\"item_animation\":true,\"lightbox\":true,\"lightbox_image_orientation\":true,\"link_style\":\"default\",\"link_text\":\"\",\"margin\":\"default\",\"meta_align\":\"below-title\",\"meta_element\":\"div\",\"meta_style\":\"text-meta\",\"panel_link\":true,\"show_content\":true,\"show_image\":true,\"show_link\":true,\"show_meta\":true,\"show_title\":false,\"text_align\":\"center\",\"title_align\":\"top\",\"title_element\":\"h3\",\"title_grid_breakpoint\":\"m\",\"title_grid_width\":\"1-2\",\"title_hover_style\":\"reset\"},\"children\":[{\"type\":\"grid_item\",\"props\":{\"image\":\"wp-content\\\/uploads\\\/2024\\\/09\\\/j_201601_2.jpg\",\"title\":\"Wohnen am Quartierspark, Hamburg 2016 (Anerkennung)\\u00a0\"}},{\"type\":\"grid_item\",\"props\":{\"image\":\"wp-content\\\/uploads\\\/2024\\\/09\\\/j_201601_3.jpg\",\"title\":\"Wohnen am Quartierspark, Hamburg 2016 (Anerkennung)\\u00a0\"}},{\"type\":\"grid_item\",\"props\":{\"image\":\"wp-content\\\/uploads\\\/2024\\\/09\\\/j_201601_4.jpg\",\"title\":\"Wohnen am Quartierspark, Hamburg 2016 (Anerkennung)\\u00a0\"}},{\"type\":\"grid_item\",\"props\":{\"image\":\"wp-content\\\/uploads\\\/2024\\\/09\\\/j_201601_6.jpg\",\"title\":\"Wohnen am Quartierspark, Hamburg 2016 (Anerkennung)\\u00a0\"}}]}]}]}],\"name\":\"Image-Grid\"},{\"type\":\"section\",\"props\":{\"image_position\":\"center-center\",\"style\":\"default\",\"title_breakpoint\":\"xl\",\"title_position\":\"top-left\",\"title_rotation\":\"left\",\"vertical_align\":\"\",\"width\":\"default\"},\"children\":[{\"type\":\"row\",\"children\":[{\"type\":\"column\",\"props\":{\"image_position\":\"center-center\",\"position_sticky_breakpoint\":\"m\"},\"children\":[{\"type\":\"html\",\"props\":{\"content\":\"<button onclick=\\\"goBack()\\\" class=\\\"uk-button uk-button-primary\\\" style=\\\"background-color: #fAfAfA; color: #111; border-color: transparent;\\\">Zur\\u00fcck zur \\u00dcbersicht<\\\/button>\",\"content_en_us\":\"<button onclick=\\\"goBack()\\\" class=\\\"uk-button uk-button-primary\\\" style=\\\"background-color: #fAfAfA; color: #111; border-color: transparent;\\\">Back to the overview<\\\/button>\",\"css\":\".el-element {\\ntext-align:center;\\n}\"}}]}]}],\"name\":\"Back to overview button\"}],\"version\":\"4.4.7\"} --><\/p>\n","protected":false},"excerpt":{"rendered":"<p>Wohnen am Quartierspark, Hamburg 2016 (Anerkennung) Der f\u00f6rderungsf\u00e4hige Wohnungsbau in suburbaner Lage wurde auf der Grundlage eines st\u00e4dtebaulichen Wettbewerbs konzipiert. Die diesem Segment eigenen \u00f6konomischen Bedingungen wurden durch die Nachbarschaft zu Unterk\u00fcnften f\u00fcr 4.000 Fl\u00fcchtlinge noch herausfordernder. Entwurfsverfassung im Auftrag von Lars Wittorf Architekt.\u00a0 Im Auftrag von Lars Wittorf Architekt\u00a0 Team: Dipl.-Ing. E. Kaiser\u00a0 Wohnen [&hellip;]<\/p>\n","protected":false},"author":2,"featured_media":1079,"comment_status":"open","ping_status":"open","sticky":false,"template":"","format":"standard","meta":{"footnotes":""},"categories":[17,19,10],"tags":[24,21,9],"class_list":["post-2094","post","type-post","status-publish","format-standard","has-post-thumbnail","hentry","category-ensemble","category-privat","category-wohnen","tag-ensemble","tag-privat","tag-wohnen"],"_links":{"self":[{"href":"https:\/\/gebhardt-architekt.com\/en\/wp-json\/wp\/v2\/posts\/2094","targetHints":{"allow":["GET"]}}],"collection":[{"href":"https:\/\/gebhardt-architekt.com\/en\/wp-json\/wp\/v2\/posts"}],"about":[{"href":"https:\/\/gebhardt-architekt.com\/en\/wp-json\/wp\/v2\/types\/post"}],"author":[{"embeddable":true,"href":"https:\/\/gebhardt-architekt.com\/en\/wp-json\/wp\/v2\/users\/2"}],"replies":[{"embeddable":true,"href":"https:\/\/gebhardt-architekt.com\/en\/wp-json\/wp\/v2\/comments?post=2094"}],"version-history":[{"count":3,"href":"https:\/\/gebhardt-architekt.com\/en\/wp-json\/wp\/v2\/posts\/2094\/revisions"}],"predecessor-version":[{"id":2471,"href":"https:\/\/gebhardt-architekt.com\/en\/wp-json\/wp\/v2\/posts\/2094\/revisions\/2471"}],"wp:featuredmedia":[{"embeddable":true,"href":"https:\/\/gebhardt-architekt.com\/en\/wp-json\/wp\/v2\/media\/1079"}],"wp:attachment":[{"href":"https:\/\/gebhardt-architekt.com\/en\/wp-json\/wp\/v2\/media?parent=2094"}],"wp:term":[{"taxonomy":"category","embeddable":true,"href":"https:\/\/gebhardt-architekt.com\/en\/wp-json\/wp\/v2\/categories?post=2094"},{"taxonomy":"post_tag","embeddable":true,"href":"https:\/\/gebhardt-architekt.com\/en\/wp-json\/wp\/v2\/tags?post=2094"}],"curies":[{"name":"wp","href":"https:\/\/api.w.org\/{rel}","templated":true}]}}