{"id":2085,"date":"2024-09-26T22:00:26","date_gmt":"2024-09-26T20:00:26","guid":{"rendered":"https:\/\/wordpress.gebhardt-architekt.com\/?p=2085"},"modified":"2025-01-17T02:31:54","modified_gmt":"2025-01-17T01:31:54","slug":"cafe-im-jenischpark-2016","status":"publish","type":"post","link":"https:\/\/gebhardt-architekt.com\/en\/2024\/09\/26\/cafe-im-jenischpark-2016\/","title":{"rendered":"Caf\u00e9 in Jenischpark, Hamburg 2016"},"content":{"rendered":"<p><img decoding=\"async\" src=\"\/wp-content\/uploads\/2024\/09\/j_201605.jpg\" alt=\"Caf\u00e9 im Jenischpark 2016\"><\/p>\n<h1>Caf\u00e9 im Jenischpark 2016<\/h1>\n<div>\n<p><span data-contrast=\"auto\">Das zur IGA 1953 als patentiertes zerlegbares Schaugew\u00e4chshaus der Firma Hengesbach gezeigte und\u00a0 1956 im Jenischpark wiedererrichtete Geb\u00e4ude soll denkmalgerecht energetisch\u00a0 saniert und durch einen angrenzenden zur\u00fcckhaltenden Neubau erg\u00e4nzt werden. Durch seine allseitige Orientierung und Zug\u00e4nglichkeit werden \u00f6ffentlich erfahrbare Beziehungen zu den umliegenden Geb\u00e4uden aufgebaut, die durch das Caf\u00e9 hindurchf\u00fchren, sich im geplanten Laubengang fortsetzen und die nordwestliche Ecke des Jenischparks beleben.<\/span><span data-ccp-props=\"{&quot;201341983&quot;:0,&quot;335559737&quot;:2797,&quot;335559740&quot;:276}\">\u00a0<\/span><\/p>\n<p><span data-contrast=\"auto\">Team: Dipl.-Ing. H. Henningsen<\/span><span data-ccp-props=\"{&quot;201341983&quot;:0,&quot;335551550&quot;:6,&quot;335551620&quot;:6,&quot;335559737&quot;:2797,&quot;335559740&quot;:276}\">\u00a0<\/span><\/p>\n<\/div>\n<ul>\n<li>\n<p><img decoding=\"async\" src=\"\/wp-content\/uploads\/2024\/09\/j_201605_2.jpg\" alt=\"\"><\/p>\n<h3>Caf\u00e9 im Jenischpark 2016<\/h3>\n<\/li>\n<li>\n<p><img decoding=\"async\" src=\"\/wp-content\/uploads\/2024\/09\/j_201605_3.jpg\" alt=\"\"><\/p>\n<h3>Caf\u00e9 im Jenischpark 2016<\/h3>\n<\/li>\n<li>\n<p><img decoding=\"async\" src=\"\/wp-content\/uploads\/2024\/09\/j_201605_4.jpg\" alt=\"\"><\/p>\n<h3>Caf\u00e9 im Jenischpark 2016<\/h3>\n<\/li>\n<\/ul>\n<div>\n<p>    <button onclick=\"goBack()\" class=\"uk-button uk-button-primary\" style=\"background-color: #fAfAfA; color: #111; border-color: transparent;\">Zur\u00fcck zur \u00dcbersicht<\/button>\n<\/div>\n<p><!--more--><br \/>\n<!-- {\"type\":\"layout\",\"children\":[{\"type\":\"section\",\"props\":{\"image_position\":\"center-center\",\"padding_remove_top\":true,\"style\":\"default\",\"title_breakpoint\":\"xl\",\"title_position\":\"top-left\",\"title_rotation\":\"left\",\"vertical_align\":\"\",\"width\":\"default\"},\"children\":[{\"type\":\"row\",\"children\":[{\"type\":\"column\",\"props\":{\"image_position\":\"center-center\",\"position_sticky_breakpoint\":\"m\"},\"children\":[{\"type\":\"image\",\"props\":{\"image\":\"wp-content\\\/uploads\\\/2024\\\/09\\\/j_201605.jpg\",\"image_alt\":\"Caf\\u00e9 im Jenischpark 2016\",\"image_svg_color\":\"emphasis\",\"image_width\":\"1759\",\"margin\":\"default\"}},{\"type\":\"headline\",\"props\":{\"content\":\"Caf\\u00e9 im Jenischpark 2016\",\"content_en_us\":\"<span class=\\\"NormalTextRun SCXW210758400 BCX8\\\">Caf\\u00e9 in <\\\/span><span class=\\\"SpellingError SCXW210758400 BCX8\\\">Jenischpark<\\\/span><span class=\\\"NormalTextRun SCXW210758400 BCX8\\\">, Hamburg 2016<\\\/span>\",\"css\":\".el-element, .el-element p {\\nfont-size:25px; font-weight: 400; font-family: HermesFB-Regular !important;\\n}\",\"title_element\":\"h1\",\"title_style\":\"h2\"}},{\"type\":\"text\",\"props\":{\"column_breakpoint\":\"m\",\"content\":\"\n\n<p><span data-contrast=\\\"auto\\\">Das zur IGA 1953 als patentiertes zerlegbares Schaugew\\u00e4chshaus der Firma Hengesbach gezeigte und\\u00a0 1956 im Jenischpark wiedererrichtete Geb\\u00e4ude soll denkmalgerecht energetisch\\u00a0 saniert und durch einen angrenzenden zur\\u00fcckhaltenden Neubau erg\\u00e4nzt werden. Durch seine allseitige Orientierung und Zug\\u00e4nglichkeit werden \\u00f6ffentlich erfahrbare Beziehungen zu den umliegenden Geb\\u00e4uden aufgebaut, die durch das Caf\\u00e9 hindurchf\\u00fchren, sich im geplanten Laubengang fortsetzen und die nordwestliche Ecke des Jenischparks beleben.<\\\/span><span data-ccp-props=\\\"{&quot;201341983&quot;:0,&quot;335559737&quot;:2797,&quot;335559740&quot;:276}\\\">\\u00a0<\\\/span><\\\/p>\\n\n\n<p><span data-contrast=\\\"auto\\\">Team: Dipl.-Ing. H. Henningsen<\\\/span><span data-ccp-props=\\\"{&quot;201341983&quot;:0,&quot;335551550&quot;:6,&quot;335551620&quot;:6,&quot;335559737&quot;:2797,&quot;335559740&quot;:276}\\\">\\u00a0<\\\/span><\\\/p>\",\"content_en_us\":\"\n\n<p><span data-contrast=\\\"none\\\">The building, which was shown at the IGA 1953 as a patented dismountable show greenhouse by the Hengesbach company and was rebuilt in Jenischpark in 1956, is to be renovated in accordance with the requirements of a listed building and supplemented by an adjacent, restrained new building. Through its allround orientation and accessibility, publicly perceptible relationships to the surrounding buildings will be established, which will lead through the caf\\u00e9, continue in the planned arcade and enliven the north-western corner of Jenischpark.<\\\/span><span data-ccp-props=\\\"{&quot;201341983&quot;:0,&quot;335559737&quot;:2792,&quot;335559740&quot;:276}\\\">\\u00a0<\\\/span><\\\/p>\\n\n\n<p><span data-contrast=\\\"none\\\">Team: Dipl.-Ing. H. Henningsen<\\\/span><\\\/p>\",\"margin\":\"default\"}}]}]}],\"name\":\"Header image + headline + text | DE & EN\"},{\"type\":\"section\",\"props\":{\"image_position\":\"center-center\",\"style\":\"default\",\"title_breakpoint\":\"xl\",\"title_position\":\"top-left\",\"title_rotation\":\"left\",\"vertical_align\":\"\",\"width\":\"default\"},\"children\":[{\"type\":\"row\",\"children\":[{\"type\":\"column\",\"props\":{\"image_position\":\"center-center\",\"position_sticky_breakpoint\":\"m\"},\"children\":[{\"type\":\"grid\",\"props\":{\"content_column_breakpoint\":\"m\",\"css\":\".el-title {\\nfont-size:15px;\\n}\\n\\n.el-image {\\nmax-height:900px;\\nwidth:auto;\\n}\",\"filter_align\":\"left\",\"filter_all\":true,\"filter_grid_breakpoint\":\"m\",\"filter_grid_width\":\"auto\",\"filter_position\":\"top\",\"filter_style\":\"tab\",\"grid_column_align\":true,\"grid_default\":\"1\",\"grid_masonry\":\"pack\",\"grid_medium\":\"1\",\"grid_row_align\":true,\"icon_width\":80,\"image_align\":\"top\",\"image_grid_breakpoint\":\"m\",\"image_grid_width\":\"1-2\",\"image_link\":true,\"image_svg_color\":\"emphasis\",\"item_animation\":true,\"lightbox\":true,\"lightbox_image_orientation\":true,\"link_style\":\"default\",\"link_text\":\"\",\"margin\":\"default\",\"meta_align\":\"below-title\",\"meta_element\":\"div\",\"meta_style\":\"text-meta\",\"panel_link\":true,\"show_content\":true,\"show_image\":true,\"show_link\":true,\"show_meta\":true,\"show_title\":false,\"text_align\":\"center\",\"title_align\":\"top\",\"title_element\":\"h3\",\"title_grid_breakpoint\":\"m\",\"title_grid_width\":\"1-2\",\"title_hover_style\":\"reset\"},\"children\":[{\"type\":\"grid_item\",\"props\":{\"image\":\"wp-content\\\/uploads\\\/2024\\\/09\\\/j_201605_2.jpg\",\"title\":\"Caf\\u00e9 im Jenischpark 2016\"}},{\"type\":\"grid_item\",\"props\":{\"image\":\"wp-content\\\/uploads\\\/2024\\\/09\\\/j_201605_3.jpg\",\"title\":\"Caf\\u00e9 im Jenischpark 2016\"}},{\"type\":\"grid_item\",\"props\":{\"image\":\"wp-content\\\/uploads\\\/2024\\\/09\\\/j_201605_4.jpg\",\"title\":\"Caf\\u00e9 im Jenischpark 2016\"}}]}]}]}],\"name\":\"Image-Grid\"},{\"type\":\"section\",\"props\":{\"image_position\":\"center-center\",\"style\":\"default\",\"title_breakpoint\":\"xl\",\"title_position\":\"top-left\",\"title_rotation\":\"left\",\"vertical_align\":\"\",\"width\":\"default\"},\"children\":[{\"type\":\"row\",\"children\":[{\"type\":\"column\",\"props\":{\"image_position\":\"center-center\",\"position_sticky_breakpoint\":\"m\"},\"children\":[{\"type\":\"html\",\"props\":{\"content\":\"<button onclick=\\\"goBack()\\\" class=\\\"uk-button uk-button-primary\\\" style=\\\"background-color: #fAfAfA; color: #111; border-color: transparent;\\\">Zur\\u00fcck zur \\u00dcbersicht<\\\/button>\",\"content_en_us\":\"<button onclick=\\\"goBack()\\\" class=\\\"uk-button uk-button-primary\\\" style=\\\"background-color: #fAfAfA; color: #111; border-color: transparent;\\\">Back to the overview<\\\/button>\",\"css\":\".el-element {\\ntext-align:center;\\n}\"}}]}]}],\"name\":\"Back to overview button\"}],\"version\":\"4.4.7\"} --><\/p>\n","protected":false},"excerpt":{"rendered":"<p>Caf\u00e9 im Jenischpark 2016 Das zur IGA 1953 als patentiertes zerlegbares Schaugew\u00e4chshaus der Firma Hengesbach gezeigte und\u00a0 1956 im Jenischpark wiedererrichtete Geb\u00e4ude soll denkmalgerecht energetisch\u00a0 saniert und durch einen angrenzenden zur\u00fcckhaltenden Neubau erg\u00e4nzt werden. Durch seine allseitige Orientierung und Zug\u00e4nglichkeit werden \u00f6ffentlich erfahrbare Beziehungen zu den umliegenden Geb\u00e4uden aufgebaut, die durch das Caf\u00e9 hindurchf\u00fchren, sich [&hellip;]<\/p>\n","protected":false},"author":2,"featured_media":1091,"comment_status":"open","ping_status":"open","sticky":false,"template":"","format":"standard","meta":{"footnotes":""},"categories":[13,32,36,19],"tags":[14,34,37,21],"class_list":["post-2085","post","type-post","status-publish","format-standard","has-post-thumbnail","hentry","category-denkmal","category-handel","category-interieur","category-privat","tag-denkmal","tag-handel","tag-interieur","tag-privat"],"_links":{"self":[{"href":"https:\/\/gebhardt-architekt.com\/en\/wp-json\/wp\/v2\/posts\/2085","targetHints":{"allow":["GET"]}}],"collection":[{"href":"https:\/\/gebhardt-architekt.com\/en\/wp-json\/wp\/v2\/posts"}],"about":[{"href":"https:\/\/gebhardt-architekt.com\/en\/wp-json\/wp\/v2\/types\/post"}],"author":[{"embeddable":true,"href":"https:\/\/gebhardt-architekt.com\/en\/wp-json\/wp\/v2\/users\/2"}],"replies":[{"embeddable":true,"href":"https:\/\/gebhardt-architekt.com\/en\/wp-json\/wp\/v2\/comments?post=2085"}],"version-history":[{"count":2,"href":"https:\/\/gebhardt-architekt.com\/en\/wp-json\/wp\/v2\/posts\/2085\/revisions"}],"predecessor-version":[{"id":2087,"href":"https:\/\/gebhardt-architekt.com\/en\/wp-json\/wp\/v2\/posts\/2085\/revisions\/2087"}],"wp:featuredmedia":[{"embeddable":true,"href":"https:\/\/gebhardt-architekt.com\/en\/wp-json\/wp\/v2\/media\/1091"}],"wp:attachment":[{"href":"https:\/\/gebhardt-architekt.com\/en\/wp-json\/wp\/v2\/media?parent=2085"}],"wp:term":[{"taxonomy":"category","embeddable":true,"href":"https:\/\/gebhardt-architekt.com\/en\/wp-json\/wp\/v2\/categories?post=2085"},{"taxonomy":"post_tag","embeddable":true,"href":"https:\/\/gebhardt-architekt.com\/en\/wp-json\/wp\/v2\/tags?post=2085"}],"curies":[{"name":"wp","href":"https:\/\/api.w.org\/{rel}","templated":true}]}}