{"id":2074,"date":"2024-09-26T21:47:21","date_gmt":"2024-09-26T19:47:21","guid":{"rendered":"https:\/\/wordpress.gebhardt-architekt.com\/?p=2074"},"modified":"2024-09-26T22:22:49","modified_gmt":"2024-09-26T20:22:49","slug":"mikroappartement-produktentwicklung-2016","status":"publish","type":"post","link":"https:\/\/gebhardt-architekt.com\/en\/2024\/09\/26\/mikroappartement-produktentwicklung-2016\/","title":{"rendered":"Micro flat, product development 2016 "},"content":{"rendered":"<p><img decoding=\"async\" src=\"\/wp-content\/uploads\/2024\/09\/j_201609.jpg\" alt=\"Mikroappartement, Produktentwicklung\u00a02016\"><\/p>\n<h1>Mikroappartement, Produktentwicklung\u00a02016<\/h1>\n<div>\n<p><span data-contrast=\"auto\">Dieses Premium Mikro Apartment ist auf 30 qm um einen zentralen holzverkleideten Multifunktionskern herum entwickelt und kann durch mobile Elemente vom Einr\u00e4ume loft in zwei Schlafr\u00e4ume f\u00fcr insgesamt vier Personen und ein Bad verwandelt werden. Das Innere des Kerns wie die K\u00fcchenarbeitsfl\u00e4che inklusive R\u00fcckwand und der Sanit\u00e4rbereich ist aus Naturstein vorgesehen. Die verputzten W\u00e4nde und Decken werden durch einen hochwertigen geschliffenen Estrichboden erg\u00e4nzt. Zus\u00e4tzlich kann ein Balkon angeboten werden.<\/span><span data-ccp-props=\"{&quot;201341983&quot;:0,&quot;335551550&quot;:6,&quot;335551620&quot;:6,&quot;335559737&quot;:2797,&quot;335559740&quot;:276}\">\u00a0<\/span><\/p>\n<p><span data-contrast=\"auto\">Team: Dipl.-Ing. H. Henningsen<\/span><\/p>\n<\/div>\n<ul>\n<li>\n<p><img decoding=\"async\" src=\"\/wp-content\/uploads\/2024\/09\/j_201609_2.jpg\" alt=\"\"><\/p>\n<h3>Mikroappartement, Produktentwicklung\u00a02016<\/h3>\n<\/li>\n<li>\n<p><img decoding=\"async\" src=\"\/wp-content\/uploads\/2024\/09\/j_201609_3.jpg\" alt=\"\"><\/p>\n<h3>Mikroappartement, Produktentwicklung\u00a02016<\/h3>\n<\/li>\n<li>\n<p><img decoding=\"async\" src=\"\/wp-content\/uploads\/2024\/09\/j_201609_4.jpg\" alt=\"\"><\/p>\n<h3>Mikroappartement, Produktentwicklung\u00a02016<\/h3>\n<\/li>\n<li>\n<p><img decoding=\"async\" src=\"\/wp-content\/uploads\/2024\/09\/j_201609_5.jpg\" alt=\"\"><\/p>\n<h3>Mikroappartement, Produktentwicklung\u00a02016<\/h3>\n<\/li>\n<\/ul>\n<div>\n<p>    <button onclick=\"goBack()\" class=\"uk-button uk-button-primary\" style=\"background-color: #fAfAfA; color: #111; border-color: transparent;\">Zur\u00fcck zur \u00dcbersicht<\/button>\n<\/div>\n<p><!--more--><br \/>\n<!-- {\"type\":\"layout\",\"children\":[{\"type\":\"section\",\"props\":{\"image_position\":\"center-center\",\"padding_remove_top\":true,\"style\":\"default\",\"title_breakpoint\":\"xl\",\"title_position\":\"top-left\",\"title_rotation\":\"left\",\"vertical_align\":\"\",\"width\":\"default\"},\"children\":[{\"type\":\"row\",\"children\":[{\"type\":\"column\",\"props\":{\"image_position\":\"center-center\",\"position_sticky_breakpoint\":\"m\"},\"children\":[{\"type\":\"image\",\"props\":{\"image\":\"wp-content\\\/uploads\\\/2024\\\/09\\\/j_201609.jpg\",\"image_alt\":\"Mikroappartement, Produktentwicklung\\u00a02016\",\"image_svg_color\":\"emphasis\",\"image_width\":\"1759\",\"margin\":\"default\"}},{\"type\":\"headline\",\"props\":{\"content\":\"Mikroappartement, Produktentwicklung\\u00a02016\",\"content_en_us\":\"<span data-contrast=\\\"none\\\" xml:lang=\\\"EN-GB\\\" lang=\\\"EN-GB\\\" class=\\\"TextRun SCXW15959735 BCX8\\\"><span class=\\\"NormalTextRun SCXW15959735 BCX8\\\">Micro flat, product development<\\\/span><span class=\\\"NormalTextRun SCXW15959735 BCX8\\\"> 2016<\\\/span><\\\/span><span class=\\\"EOP SCXW15959735 BCX8\\\" data-ccp-props=\\\"{&quot;201341983&quot;:0,&quot;335559737&quot;:2792,&quot;335559740&quot;:276}\\\">\\u00a0<\\\/span>\",\"css\":\".el-element, .el-element p {\\nfont-size:25px; font-weight: 400; font-family: HermesFB-Regular !important;\\n}\",\"title_element\":\"h1\",\"title_style\":\"h2\"}},{\"type\":\"text\",\"props\":{\"column_breakpoint\":\"m\",\"content\":\"\n\n<p><span data-contrast=\\\"auto\\\">Dieses Premium Mikro Apartment ist auf 30 qm um einen zentralen holzverkleideten Multifunktionskern herum entwickelt und kann durch mobile Elemente vom Einr\\u00e4ume loft in zwei Schlafr\\u00e4ume f\\u00fcr insgesamt vier Personen und ein Bad verwandelt werden. Das Innere des Kerns wie die K\\u00fcchenarbeitsfl\\u00e4che inklusive R\\u00fcckwand und der Sanit\\u00e4rbereich ist aus Naturstein vorgesehen. Die verputzten W\\u00e4nde und Decken werden durch einen hochwertigen geschliffenen Estrichboden erg\\u00e4nzt. Zus\\u00e4tzlich kann ein Balkon angeboten werden.<\\\/span><span data-ccp-props=\\\"{&quot;201341983&quot;:0,&quot;335551550&quot;:6,&quot;335551620&quot;:6,&quot;335559737&quot;:2797,&quot;335559740&quot;:276}\\\">\\u00a0<\\\/span><\\\/p>\\n\n\n<p><span data-contrast=\\\"auto\\\">Team: Dipl.-Ing. H. Henningsen<\\\/span><\\\/p>\",\"content_en_us\":\"\n\n<p><span data-contrast=\\\"none\\\">This premium micro apartment is developed on 30 sqm around a central wood paneled multifunctional core and can be transformed by mobile elements from a one-room loft into two bedrooms for a total of four people and a bathroom. The interior of the core, such as the kitchen worktop including the back wall and the sanitary area, is planned to be made of natural stone. The plastered walls and ceilings are complemented by a high-quality polished screed floor. In addition a balcony can be offered.<\\\/span><span data-ccp-props=\\\"{&quot;201341983&quot;:0,&quot;335559737&quot;:2792,&quot;335559740&quot;:276}\\\">\\u00a0<\\\/span><\\\/p>\\n\n\n<p><span data-contrast=\\\"none\\\">Team: Dipl.-Ing. H. Henningsen<\\\/span><span data-ccp-props=\\\"{&quot;201341983&quot;:0,&quot;335559737&quot;:2792,&quot;335559740&quot;:276}\\\">\\u00a0<\\\/span><\\\/p>\",\"margin\":\"default\"}}]}]}],\"name\":\"Header image + headline + text | DE & EN\"},{\"type\":\"section\",\"props\":{\"image_position\":\"center-center\",\"style\":\"default\",\"title_breakpoint\":\"xl\",\"title_position\":\"top-left\",\"title_rotation\":\"left\",\"vertical_align\":\"\",\"width\":\"default\"},\"children\":[{\"type\":\"row\",\"children\":[{\"type\":\"column\",\"props\":{\"image_position\":\"center-center\",\"position_sticky_breakpoint\":\"m\"},\"children\":[{\"type\":\"grid\",\"props\":{\"content_column_breakpoint\":\"m\",\"css\":\".el-title {\\nfont-size:15px;\\n}\\n\\n.el-image {\\nmax-height:900px;\\nwidth:auto;\\n}\",\"filter_align\":\"left\",\"filter_all\":true,\"filter_grid_breakpoint\":\"m\",\"filter_grid_width\":\"auto\",\"filter_position\":\"top\",\"filter_style\":\"tab\",\"grid_column_align\":true,\"grid_default\":\"1\",\"grid_masonry\":\"pack\",\"grid_medium\":\"1\",\"grid_row_align\":true,\"icon_width\":80,\"image_align\":\"top\",\"image_grid_breakpoint\":\"m\",\"image_grid_width\":\"1-2\",\"image_link\":true,\"image_svg_color\":\"emphasis\",\"item_animation\":true,\"lightbox\":true,\"lightbox_image_orientation\":true,\"link_style\":\"default\",\"link_text\":\"\",\"margin\":\"default\",\"meta_align\":\"below-title\",\"meta_element\":\"div\",\"meta_style\":\"text-meta\",\"panel_link\":true,\"show_content\":true,\"show_image\":true,\"show_link\":true,\"show_meta\":true,\"show_title\":false,\"text_align\":\"center\",\"title_align\":\"top\",\"title_element\":\"h3\",\"title_grid_breakpoint\":\"m\",\"title_grid_width\":\"1-2\",\"title_hover_style\":\"reset\"},\"children\":[{\"type\":\"grid_item\",\"props\":{\"image\":\"wp-content\\\/uploads\\\/2024\\\/09\\\/j_201609_2.jpg\",\"title\":\"Mikroappartement, Produktentwicklung\\u00a02016\"}},{\"type\":\"grid_item\",\"props\":{\"image\":\"wp-content\\\/uploads\\\/2024\\\/09\\\/j_201609_3.jpg\",\"title\":\"Mikroappartement, Produktentwicklung\\u00a02016\"}},{\"type\":\"grid_item\",\"props\":{\"image\":\"wp-content\\\/uploads\\\/2024\\\/09\\\/j_201609_4.jpg\",\"title\":\"Mikroappartement, Produktentwicklung\\u00a02016\"}},{\"type\":\"grid_item\",\"props\":{\"image\":\"wp-content\\\/uploads\\\/2024\\\/09\\\/j_201609_5.jpg\",\"title\":\"Mikroappartement, Produktentwicklung\\u00a02016\"}}]}]}]}],\"name\":\"Image-Grid\"},{\"type\":\"section\",\"props\":{\"image_position\":\"center-center\",\"style\":\"default\",\"title_breakpoint\":\"xl\",\"title_position\":\"top-left\",\"title_rotation\":\"left\",\"vertical_align\":\"\",\"width\":\"default\"},\"children\":[{\"type\":\"row\",\"children\":[{\"type\":\"column\",\"props\":{\"image_position\":\"center-center\",\"position_sticky_breakpoint\":\"m\"},\"children\":[{\"type\":\"html\",\"props\":{\"content\":\"<button onclick=\\\"goBack()\\\" class=\\\"uk-button uk-button-primary\\\" style=\\\"background-color: #fAfAfA; color: #111; border-color: transparent;\\\">Zur\\u00fcck zur \\u00dcbersicht<\\\/button>\",\"content_en_us\":\"<button onclick=\\\"goBack()\\\" class=\\\"uk-button uk-button-primary\\\" style=\\\"background-color: #fAfAfA; color: #111; border-color: transparent;\\\">Back to the overview<\\\/button>\",\"css\":\".el-element {\\ntext-align:center;\\n}\"}}]}]}],\"name\":\"Back to overview button\"}],\"version\":\"4.4.7\"} --><\/p>\n","protected":false},"excerpt":{"rendered":"<p>Mikroappartement, Produktentwicklung\u00a02016 Dieses Premium Mikro Apartment ist auf 30 qm um einen zentralen holzverkleideten Multifunktionskern herum entwickelt und kann durch mobile Elemente vom Einr\u00e4ume loft in zwei Schlafr\u00e4ume f\u00fcr insgesamt vier Personen und ein Bad verwandelt werden. Das Innere des Kerns wie die K\u00fcchenarbeitsfl\u00e4che inklusive R\u00fcckwand und der Sanit\u00e4rbereich ist aus Naturstein vorgesehen. Die verputzten [&hellip;]<\/p>\n","protected":false},"author":2,"featured_media":1099,"comment_status":"open","ping_status":"open","sticky":false,"template":"","format":"standard","meta":{"footnotes":""},"categories":[36,19,10],"tags":[37,21,9],"class_list":["post-2074","post","type-post","status-publish","format-standard","has-post-thumbnail","hentry","category-interieur","category-privat","category-wohnen","tag-interieur","tag-privat","tag-wohnen"],"_links":{"self":[{"href":"https:\/\/gebhardt-architekt.com\/en\/wp-json\/wp\/v2\/posts\/2074","targetHints":{"allow":["GET"]}}],"collection":[{"href":"https:\/\/gebhardt-architekt.com\/en\/wp-json\/wp\/v2\/posts"}],"about":[{"href":"https:\/\/gebhardt-architekt.com\/en\/wp-json\/wp\/v2\/types\/post"}],"author":[{"embeddable":true,"href":"https:\/\/gebhardt-architekt.com\/en\/wp-json\/wp\/v2\/users\/2"}],"replies":[{"embeddable":true,"href":"https:\/\/gebhardt-architekt.com\/en\/wp-json\/wp\/v2\/comments?post=2074"}],"version-history":[{"count":5,"href":"https:\/\/gebhardt-architekt.com\/en\/wp-json\/wp\/v2\/posts\/2074\/revisions"}],"predecessor-version":[{"id":2098,"href":"https:\/\/gebhardt-architekt.com\/en\/wp-json\/wp\/v2\/posts\/2074\/revisions\/2098"}],"wp:featuredmedia":[{"embeddable":true,"href":"https:\/\/gebhardt-architekt.com\/en\/wp-json\/wp\/v2\/media\/1099"}],"wp:attachment":[{"href":"https:\/\/gebhardt-architekt.com\/en\/wp-json\/wp\/v2\/media?parent=2074"}],"wp:term":[{"taxonomy":"category","embeddable":true,"href":"https:\/\/gebhardt-architekt.com\/en\/wp-json\/wp\/v2\/categories?post=2074"},{"taxonomy":"post_tag","embeddable":true,"href":"https:\/\/gebhardt-architekt.com\/en\/wp-json\/wp\/v2\/tags?post=2074"}],"curies":[{"name":"wp","href":"https:\/\/api.w.org\/{rel}","templated":true}]}}