{"id":2048,"date":"2024-09-26T21:25:24","date_gmt":"2024-09-26T19:25:24","guid":{"rendered":"https:\/\/wordpress.gebhardt-architekt.com\/?p=2048"},"modified":"2024-09-26T21:27:20","modified_gmt":"2024-09-26T19:27:20","slug":"neukonzeption-des-rentzel-centers-hamburg-2014","status":"publish","type":"post","link":"https:\/\/gebhardt-architekt.com\/en\/2024\/09\/26\/neukonzeption-des-rentzel-centers-hamburg-2014\/","title":{"rendered":"New concept for the Rentzel Center, Hamburg 2014"},"content":{"rendered":"<p><img decoding=\"async\" src=\"\/wp-content\/uploads\/2024\/09\/j_201405.jpg\" alt=\"Neukonzeption des Rentzel-Centers, Hamburg\"><\/p>\n<h1>Neukonzeption des Rentzel-Centers, Hamburg 2014<\/h1>\n<div>\n<p><span data-contrast=\"auto\">Im attraktiven Stadtteil Rotherbaum soll das Rentzel-Center zu einem lebendigen Quartierszentrum entwickelt werden. Der zentrale Platz wird durch einen Versatz r\u00e4umlich gest\u00e4rkt und als Teil des \u00f6ffentlichen Stadtraumes ausgebildet. Ziel ist es, auch zum Vorteil der Handels- und Gewerbenutzungen, den \u201eHinterhof\u201c in einen Quartiersplatz mit eigenem Namen\u00a0 zu verwandeln.\u00a0<\/span><span data-ccp-props=\"{&quot;201341983&quot;:0,&quot;335559737&quot;:2797,&quot;335559740&quot;:276}\">\u00a0<\/span><\/p>\n<p><span data-contrast=\"auto\">Team: Dipl.-Ing. E. Kaiser<\/span><span data-ccp-props=\"{&quot;201341983&quot;:0,&quot;335551550&quot;:6,&quot;335551620&quot;:6,&quot;335559737&quot;:2797,&quot;335559740&quot;:276}\">\u00a0<br \/><\/span><span data-contrast=\"auto\">Freiraum:<\/span><span data-contrast=\"auto\"> Ando Yoo Landschaftsarchitektur<\/span><\/p>\n<\/div>\n<ul>\n<li>\n<p><img decoding=\"async\" src=\"\/wp-content\/uploads\/2024\/09\/j_201405_2.jpg\" alt=\"\"><\/p>\n<h3>Neukonzeption des Rentzel-Centers, Hamburg.indd<\/h3>\n<\/li>\n<li>\n<p><img decoding=\"async\" src=\"\/wp-content\/uploads\/2024\/09\/j_201405_3.jpg\" alt=\"\"><\/p>\n<h3>Neukonzeption des Rentzel-Centers, Hamburg.indd<\/h3>\n<\/li>\n<\/ul>\n<div>\n<p>    <button onclick=\"goBack()\" class=\"uk-button uk-button-primary\" style=\"background-color: #fAfAfA; color: #111; border-color: transparent;\">Zur\u00fcck zur \u00dcbersicht<\/button>\n<\/div>\n<p><!--more--><br \/>\n<!-- {\"type\":\"layout\",\"children\":[{\"type\":\"section\",\"props\":{\"image_position\":\"center-center\",\"padding_remove_top\":true,\"style\":\"default\",\"title_breakpoint\":\"xl\",\"title_position\":\"top-left\",\"title_rotation\":\"left\",\"vertical_align\":\"\",\"width\":\"default\"},\"children\":[{\"type\":\"row\",\"children\":[{\"type\":\"column\",\"props\":{\"image_position\":\"center-center\",\"position_sticky_breakpoint\":\"m\"},\"children\":[{\"type\":\"image\",\"props\":{\"image\":\"wp-content\\\/uploads\\\/2024\\\/09\\\/j_201405.jpg\",\"image_alt\":\"Neukonzeption des Rentzel-Centers, Hamburg\",\"image_svg_color\":\"emphasis\",\"image_width\":\"1759\",\"margin\":\"default\"}},{\"type\":\"headline\",\"props\":{\"content\":\"Neukonzeption des Rentzel-Centers, Hamburg 2014\",\"content_en_us\":\"<span class=\\\"NormalTextRun SCXW246347545 BCX8\\\">Rentzel Center, Hamburg<\\\/span><span class=\\\"NormalTextRun SCXW246347545 BCX8\\\"> 2014<\\\/span>\",\"css\":\".el-element, .el-element p {\\nfont-size:25px; font-weight: 400; font-family: HermesFB-Regular !important;\\n}\",\"title_element\":\"h1\",\"title_style\":\"h2\"}},{\"type\":\"text\",\"props\":{\"column_breakpoint\":\"m\",\"content\":\"\n\n<p><span data-contrast=\\\"auto\\\">Im attraktiven Stadtteil Rotherbaum soll das Rentzel-Center zu einem lebendigen Quartierszentrum entwickelt werden. Der zentrale Platz wird durch einen Versatz r\\u00e4umlich gest\\u00e4rkt und als Teil des \\u00f6ffentlichen Stadtraumes ausgebildet. Ziel ist es, auch zum Vorteil der Handels- und Gewerbenutzungen, den \\u201eHinterhof\\u201c in einen Quartiersplatz mit eigenem Namen\\u00a0 zu verwandeln.\\u00a0<\\\/span><span data-ccp-props=\\\"{&quot;201341983&quot;:0,&quot;335559737&quot;:2797,&quot;335559740&quot;:276}\\\">\\u00a0<\\\/span><\\\/p>\\n\n\n<p><span data-contrast=\\\"auto\\\">Team: Dipl.-Ing. E. Kaiser<\\\/span><span data-ccp-props=\\\"{&quot;201341983&quot;:0,&quot;335551550&quot;:6,&quot;335551620&quot;:6,&quot;335559737&quot;:2797,&quot;335559740&quot;:276}\\\">\\u00a0<br \\\/><\\\/span><span data-contrast=\\\"auto\\\">Freiraum:<\\\/span><span data-contrast=\\\"auto\\\"> Ando Yoo Landschaftsarchitektur<\\\/span><\\\/p>\",\"content_en_us\":\"\n\n<p><span data-contrast=\\\"none\\\">The aim of the concept is to develop the Rentzel Center, located in the attractive district of Rotherbaum, into a lively neighborhood center. The central plaza will be spatially enhanced by the different alignment of the building and incorporated into the public urban space. The goal is to transform the \\\"backyard\\\" into a district plaza with its own name, which would also benefit the trade and industry utilization.<\\\/span><span data-ccp-props=\\\"{&quot;201341983&quot;:0,&quot;335559737&quot;:2792,&quot;335559740&quot;:276}\\\">\\u00a0<\\\/span><\\\/p>\\n\n\n<p><span data-contrast=\\\"auto\\\">Team: Dipl.- Ing. E. Kaiser<\\\/span><span data-ccp-props=\\\"{&quot;201341983&quot;:0,&quot;335559737&quot;:2792,&quot;335559740&quot;:276}\\\">\\u00a0<br \\\/><\\\/span><span data-contrast=\\\"none\\\">Landscape architecture: Ando Yoo Landschaftsarchitektur<\\\/span><span data-ccp-props=\\\"{&quot;201341983&quot;:0,&quot;335559737&quot;:2792,&quot;335559740&quot;:276}\\\">\\u00a0<\\\/span><\\\/p>\",\"margin\":\"default\"}}]}]}],\"name\":\"Header image + headline + text | DE & EN\"},{\"type\":\"section\",\"props\":{\"image_position\":\"center-center\",\"style\":\"default\",\"title_breakpoint\":\"xl\",\"title_position\":\"top-left\",\"title_rotation\":\"left\",\"vertical_align\":\"\",\"width\":\"default\"},\"children\":[{\"type\":\"row\",\"children\":[{\"type\":\"column\",\"props\":{\"image_position\":\"center-center\",\"position_sticky_breakpoint\":\"m\"},\"children\":[{\"type\":\"grid\",\"props\":{\"content_column_breakpoint\":\"m\",\"css\":\".el-title {\\nfont-size:15px;\\n}\\n\\n.el-image {\\nmax-height:900px;\\nwidth:auto;\\n}\",\"filter_align\":\"left\",\"filter_all\":true,\"filter_grid_breakpoint\":\"m\",\"filter_grid_width\":\"auto\",\"filter_position\":\"top\",\"filter_style\":\"tab\",\"grid_column_align\":true,\"grid_default\":\"1\",\"grid_masonry\":\"pack\",\"grid_medium\":\"1\",\"grid_row_align\":true,\"icon_width\":80,\"image_align\":\"top\",\"image_grid_breakpoint\":\"m\",\"image_grid_width\":\"1-2\",\"image_link\":true,\"image_svg_color\":\"emphasis\",\"item_animation\":true,\"lightbox\":true,\"lightbox_image_orientation\":true,\"link_style\":\"default\",\"link_text\":\"\",\"margin\":\"default\",\"meta_align\":\"below-title\",\"meta_element\":\"div\",\"meta_style\":\"text-meta\",\"panel_link\":true,\"show_content\":true,\"show_image\":true,\"show_link\":true,\"show_meta\":true,\"show_title\":false,\"text_align\":\"center\",\"title_align\":\"top\",\"title_element\":\"h3\",\"title_grid_breakpoint\":\"m\",\"title_grid_width\":\"1-2\",\"title_hover_style\":\"reset\"},\"children\":[{\"type\":\"grid_item\",\"props\":{\"image\":\"wp-content\\\/uploads\\\/2024\\\/09\\\/j_201405_2.jpg\",\"title\":\"Neukonzeption des Rentzel-Centers, Hamburg.indd\"}},{\"type\":\"grid_item\",\"props\":{\"image\":\"wp-content\\\/uploads\\\/2024\\\/09\\\/j_201405_3.jpg\",\"title\":\"Neukonzeption des Rentzel-Centers, Hamburg.indd\"}}]}]}]}],\"name\":\"Image-Grid\"},{\"type\":\"section\",\"props\":{\"image_position\":\"center-center\",\"style\":\"default\",\"title_breakpoint\":\"xl\",\"title_position\":\"top-left\",\"title_rotation\":\"left\",\"vertical_align\":\"\",\"width\":\"default\"},\"children\":[{\"type\":\"row\",\"children\":[{\"type\":\"column\",\"props\":{\"image_position\":\"center-center\",\"position_sticky_breakpoint\":\"m\"},\"children\":[{\"type\":\"html\",\"props\":{\"content\":\"<button onclick=\\\"goBack()\\\" class=\\\"uk-button uk-button-primary\\\" style=\\\"background-color: #fAfAfA; color: #111; border-color: transparent;\\\">Zur\\u00fcck zur \\u00dcbersicht<\\\/button>\",\"content_en_us\":\"<button onclick=\\\"goBack()\\\" class=\\\"uk-button uk-button-primary\\\" style=\\\"background-color: #fAfAfA; color: #111; border-color: transparent;\\\">Back to the overview<\\\/button>\",\"css\":\".el-element {\\ntext-align:center;\\n}\"}}]}]}],\"name\":\"Back to overview button\"}],\"version\":\"4.4.7\"} --><\/p>\n","protected":false},"excerpt":{"rendered":"<p>Neukonzeption des Rentzel-Centers, Hamburg 2014 Im attraktiven Stadtteil Rotherbaum soll das Rentzel-Center zu einem lebendigen Quartierszentrum entwickelt werden. Der zentrale Platz wird durch einen Versatz r\u00e4umlich gest\u00e4rkt und als Teil des \u00f6ffentlichen Stadtraumes ausgebildet. Ziel ist es, auch zum Vorteil der Handels- und Gewerbenutzungen, den \u201eHinterhof\u201c in einen Quartiersplatz mit eigenem Namen\u00a0 zu verwandeln.\u00a0\u00a0 Team: [&hellip;]<\/p>\n","protected":false},"author":2,"featured_media":1050,"comment_status":"open","ping_status":"open","sticky":false,"template":"","format":"standard","meta":{"footnotes":""},"categories":[18,17,32,19,25,10],"tags":[23,24,34,21,27,9],"class_list":["post-2048","post","type-post","status-publish","format-standard","has-post-thumbnail","hentry","category-buero","category-ensemble","category-handel","category-privat","category-stadt","category-wohnen","tag-buero","tag-ensemble","tag-handel","tag-privat","tag-stadt","tag-wohnen"],"_links":{"self":[{"href":"https:\/\/gebhardt-architekt.com\/en\/wp-json\/wp\/v2\/posts\/2048","targetHints":{"allow":["GET"]}}],"collection":[{"href":"https:\/\/gebhardt-architekt.com\/en\/wp-json\/wp\/v2\/posts"}],"about":[{"href":"https:\/\/gebhardt-architekt.com\/en\/wp-json\/wp\/v2\/types\/post"}],"author":[{"embeddable":true,"href":"https:\/\/gebhardt-architekt.com\/en\/wp-json\/wp\/v2\/users\/2"}],"replies":[{"embeddable":true,"href":"https:\/\/gebhardt-architekt.com\/en\/wp-json\/wp\/v2\/comments?post=2048"}],"version-history":[{"count":3,"href":"https:\/\/gebhardt-architekt.com\/en\/wp-json\/wp\/v2\/posts\/2048\/revisions"}],"predecessor-version":[{"id":2051,"href":"https:\/\/gebhardt-architekt.com\/en\/wp-json\/wp\/v2\/posts\/2048\/revisions\/2051"}],"wp:featuredmedia":[{"embeddable":true,"href":"https:\/\/gebhardt-architekt.com\/en\/wp-json\/wp\/v2\/media\/1050"}],"wp:attachment":[{"href":"https:\/\/gebhardt-architekt.com\/en\/wp-json\/wp\/v2\/media?parent=2048"}],"wp:term":[{"taxonomy":"category","embeddable":true,"href":"https:\/\/gebhardt-architekt.com\/en\/wp-json\/wp\/v2\/categories?post=2048"},{"taxonomy":"post_tag","embeddable":true,"href":"https:\/\/gebhardt-architekt.com\/en\/wp-json\/wp\/v2\/tags?post=2048"}],"curies":[{"name":"wp","href":"https:\/\/api.w.org\/{rel}","templated":true}]}}