{"id":2034,"date":"2024-09-25T22:58:45","date_gmt":"2024-09-25T20:58:45","guid":{"rendered":"https:\/\/wordpress.gebhardt-architekt.com\/?p=2034"},"modified":"2024-09-25T23:00:08","modified_gmt":"2024-09-25T21:00:08","slug":"haus-der-berufsgenossenschaften-hamburg-2014","status":"publish","type":"post","link":"https:\/\/gebhardt-architekt.com\/en\/2024\/09\/25\/haus-der-berufsgenossenschaften-hamburg-2014\/","title":{"rendered":"German Employer\u2019s Liability Association building, Hamburg 2014"},"content":{"rendered":"<p><img decoding=\"async\" src=\"\/wp-content\/uploads\/2024\/09\/j_201408.jpg\" alt=\"Haus der Berufsgenossenschaften, Hamburg 2014\"><\/p>\n<h1>Haus der Berufsgenossenschaften, Hamburg 2014<\/h1>\n<div>\n<p><span data-contrast=\"auto\">F\u00fcr den Neubau des Fortbildungszentrums wurden zwei Standorte in der Hafencity untersucht. F\u00fcr beide wurde eine ortstypische Ziegelfassade vorgeschlagen. Der Entwurf f\u00fcr das Baufeld 73 sieht eine \u00fcber den Wasserraum hinweg den Deichtorplatz s\u00fcdlich abschlie\u00dfende Stadtloggia vor.<\/span><span data-ccp-props=\"{&quot;201341983&quot;:0,&quot;335559737&quot;:2797,&quot;335559740&quot;:276}\">\u00a0<\/span><\/p>\n<p><span data-contrast=\"auto\">Team: Dipl.-Ing. E. Kaiser\u00a0<\/span><\/p>\n<\/div>\n<div>\n<p><img decoding=\"async\" src=\"\/wp-content\/uploads\/2024\/09\/j_201408_2.jpg\" alt=\"\"><\/p>\n<h3>Haus der Berufsgenossenschaften, Hamburg 2014<\/h3>\n<\/div>\n<div>\n<p>    <button onclick=\"goBack()\" class=\"uk-button uk-button-primary\" style=\"background-color: #fAfAfA; color: #111; border-color: transparent;\">Zur\u00fcck zur \u00dcbersicht<\/button>\n<\/div>\n<p><!--more--><br \/>\n<!-- {\"type\":\"layout\",\"children\":[{\"type\":\"section\",\"props\":{\"image_position\":\"center-center\",\"padding_remove_top\":true,\"style\":\"default\",\"title_breakpoint\":\"xl\",\"title_position\":\"top-left\",\"title_rotation\":\"left\",\"vertical_align\":\"\",\"width\":\"default\"},\"children\":[{\"type\":\"row\",\"children\":[{\"type\":\"column\",\"props\":{\"image_position\":\"center-center\",\"position_sticky_breakpoint\":\"m\"},\"children\":[{\"type\":\"image\",\"props\":{\"image\":\"wp-content\\\/uploads\\\/2024\\\/09\\\/j_201408.jpg\",\"image_alt\":\"Haus der Berufsgenossenschaften, Hamburg 2014\",\"image_svg_color\":\"emphasis\",\"image_width\":\"1759\",\"margin\":\"default\"}},{\"type\":\"headline\",\"props\":{\"content\":\"Haus der Berufsgenossenschaften, Hamburg 2014\",\"content_en_us\":\"<span data-contrast=\\\"none\\\" xml:lang=\\\"EN-GB\\\" lang=\\\"EN-GB\\\" class=\\\"TextRun SCXW126947065 BCX8\\\"><span class=\\\"NormalTextRun SCXW126947065 BCX8\\\">German Employer's Liability Association building, Hamburg<\\\/span><span class=\\\"NormalTextRun SCXW126947065 BCX8\\\"> 2014<\\\/span><\\\/span><span class=\\\"EOP SCXW126947065 BCX8\\\" data-ccp-props=\\\"{&quot;201341983&quot;:0,&quot;335559737&quot;:2792,&quot;335559740&quot;:276}\\\">\\u00a0<\\\/span>\",\"css\":\".el-element, .el-element p {\\nfont-size:25px; font-weight: 400; font-family: HermesFB-Regular !important;\\n}\",\"title_element\":\"h1\",\"title_style\":\"h2\"}},{\"type\":\"text\",\"props\":{\"column_breakpoint\":\"m\",\"content\":\"\n\n<p><span data-contrast=\\\"auto\\\">F\\u00fcr den Neubau des Fortbildungszentrums wurden zwei Standorte in der Hafencity untersucht. F\\u00fcr beide wurde eine ortstypische Ziegelfassade vorgeschlagen. Der Entwurf f\\u00fcr das Baufeld 73 sieht eine \\u00fcber den Wasserraum hinweg den Deichtorplatz s\\u00fcdlich abschlie\\u00dfende Stadtloggia vor.<\\\/span><span data-ccp-props=\\\"{&quot;201341983&quot;:0,&quot;335559737&quot;:2797,&quot;335559740&quot;:276}\\\">\\u00a0<\\\/span><\\\/p>\\n\n\n<p><span data-contrast=\\\"auto\\\">Team: Dipl.-Ing. E. Kaiser\\u00a0<\\\/span><\\\/p>\",\"content_en_us\":\"\n\n<p><span data-contrast=\\\"none\\\">Two locations in the HafenCity were evaluated for the new building of a further education center. For both, a red-brick fa\\u00e7ade typical of the area was proposed. The design for construction site 73 proposes an urban loggia that completes the Deichtorplatz in the south, across the water.<\\\/span><span data-ccp-props=\\\"{&quot;201341983&quot;:0,&quot;335559737&quot;:2792,&quot;335559740&quot;:276}\\\">\\u00a0<\\\/span><\\\/p>\\n\n\n<p><span data-contrast=\\\"auto\\\">Team: Dipl.-Ing. E. Kaiser\\u00a0<\\\/span><\\\/p>\",\"margin\":\"default\"}}]}]}],\"name\":\"Header image + headline + text | DE & EN\"},{\"type\":\"section\",\"props\":{\"image_position\":\"center-center\",\"style\":\"default\",\"title_breakpoint\":\"xl\",\"title_position\":\"top-left\",\"title_rotation\":\"left\",\"vertical_align\":\"\",\"width\":\"default\"},\"children\":[{\"type\":\"row\",\"children\":[{\"type\":\"column\",\"props\":{\"image_position\":\"center-center\",\"position_sticky_breakpoint\":\"m\"},\"children\":[{\"type\":\"grid\",\"props\":{\"content_column_breakpoint\":\"m\",\"css\":\".el-title {\\nfont-size:15px;\\n}\\n\\n.el-image {\\nmax-height:900px;\\nwidth:auto;\\n}\",\"filter_align\":\"left\",\"filter_all\":true,\"filter_grid_breakpoint\":\"m\",\"filter_grid_width\":\"auto\",\"filter_position\":\"top\",\"filter_style\":\"tab\",\"grid_column_align\":true,\"grid_default\":\"1\",\"grid_masonry\":\"pack\",\"grid_medium\":\"1\",\"grid_row_align\":true,\"icon_width\":80,\"image_align\":\"top\",\"image_grid_breakpoint\":\"m\",\"image_grid_width\":\"1-2\",\"image_link\":true,\"image_svg_color\":\"emphasis\",\"item_animation\":true,\"lightbox\":true,\"lightbox_image_orientation\":true,\"link_style\":\"default\",\"link_text\":\"\",\"margin\":\"default\",\"meta_align\":\"below-title\",\"meta_element\":\"div\",\"meta_style\":\"text-meta\",\"panel_link\":true,\"show_content\":true,\"show_image\":true,\"show_link\":true,\"show_meta\":true,\"show_title\":false,\"text_align\":\"center\",\"title_align\":\"top\",\"title_element\":\"h3\",\"title_grid_breakpoint\":\"m\",\"title_grid_width\":\"1-2\",\"title_hover_style\":\"reset\"},\"children\":[{\"type\":\"grid_item\",\"props\":{\"image\":\"wp-content\\\/uploads\\\/2024\\\/09\\\/j_201408_2.jpg\",\"title\":\"Haus der Berufsgenossenschaften, Hamburg 2014\"}}]}]}]}],\"name\":\"Image-Grid\"},{\"type\":\"section\",\"props\":{\"image_position\":\"center-center\",\"style\":\"default\",\"title_breakpoint\":\"xl\",\"title_position\":\"top-left\",\"title_rotation\":\"left\",\"vertical_align\":\"\",\"width\":\"default\"},\"children\":[{\"type\":\"row\",\"children\":[{\"type\":\"column\",\"props\":{\"image_position\":\"center-center\",\"position_sticky_breakpoint\":\"m\"},\"children\":[{\"type\":\"html\",\"props\":{\"content\":\"<button onclick=\\\"goBack()\\\" class=\\\"uk-button uk-button-primary\\\" style=\\\"background-color: #fAfAfA; color: #111; border-color: transparent;\\\">Zur\\u00fcck zur \\u00dcbersicht<\\\/button>\",\"content_en_us\":\"<button onclick=\\\"goBack()\\\" class=\\\"uk-button uk-button-primary\\\" style=\\\"background-color: #fAfAfA; color: #111; border-color: transparent;\\\">Back to the overview<\\\/button>\",\"css\":\".el-element {\\ntext-align:center;\\n}\"}}]}]}],\"name\":\"Back to overview button\"}],\"version\":\"4.4.7\"} --><\/p>\n","protected":false},"excerpt":{"rendered":"<p>Haus der Berufsgenossenschaften, Hamburg 2014 F\u00fcr den Neubau des Fortbildungszentrums wurden zwei Standorte in der Hafencity untersucht. F\u00fcr beide wurde eine ortstypische Ziegelfassade vorgeschlagen. Der Entwurf f\u00fcr das Baufeld 73 sieht eine \u00fcber den Wasserraum hinweg den Deichtorplatz s\u00fcdlich abschlie\u00dfende Stadtloggia vor.\u00a0 Team: Dipl.-Ing. E. Kaiser\u00a0 Haus der Berufsgenossenschaften, Hamburg 2014 Zur\u00fcck zur \u00dcbersicht<\/p>\n","protected":false},"author":2,"featured_media":1060,"comment_status":"open","ping_status":"open","sticky":false,"template":"","format":"standard","meta":{"footnotes":""},"categories":[18,26,19],"tags":[23,28,21],"class_list":["post-2034","post","type-post","status-publish","format-standard","has-post-thumbnail","hentry","category-buero","category-lehre","category-privat","tag-buero","tag-lehre","tag-privat"],"_links":{"self":[{"href":"https:\/\/gebhardt-architekt.com\/en\/wp-json\/wp\/v2\/posts\/2034","targetHints":{"allow":["GET"]}}],"collection":[{"href":"https:\/\/gebhardt-architekt.com\/en\/wp-json\/wp\/v2\/posts"}],"about":[{"href":"https:\/\/gebhardt-architekt.com\/en\/wp-json\/wp\/v2\/types\/post"}],"author":[{"embeddable":true,"href":"https:\/\/gebhardt-architekt.com\/en\/wp-json\/wp\/v2\/users\/2"}],"replies":[{"embeddable":true,"href":"https:\/\/gebhardt-architekt.com\/en\/wp-json\/wp\/v2\/comments?post=2034"}],"version-history":[{"count":4,"href":"https:\/\/gebhardt-architekt.com\/en\/wp-json\/wp\/v2\/posts\/2034\/revisions"}],"predecessor-version":[{"id":2038,"href":"https:\/\/gebhardt-architekt.com\/en\/wp-json\/wp\/v2\/posts\/2034\/revisions\/2038"}],"wp:featuredmedia":[{"embeddable":true,"href":"https:\/\/gebhardt-architekt.com\/en\/wp-json\/wp\/v2\/media\/1060"}],"wp:attachment":[{"href":"https:\/\/gebhardt-architekt.com\/en\/wp-json\/wp\/v2\/media?parent=2034"}],"wp:term":[{"taxonomy":"category","embeddable":true,"href":"https:\/\/gebhardt-architekt.com\/en\/wp-json\/wp\/v2\/categories?post=2034"},{"taxonomy":"post_tag","embeddable":true,"href":"https:\/\/gebhardt-architekt.com\/en\/wp-json\/wp\/v2\/tags?post=2034"}],"curies":[{"name":"wp","href":"https:\/\/api.w.org\/{rel}","templated":true}]}}