{"id":1992,"date":"2024-09-25T22:16:21","date_gmt":"2024-09-25T20:16:21","guid":{"rendered":"https:\/\/wordpress.gebhardt-architekt.com\/?p=1992"},"modified":"2025-01-17T02:08:50","modified_gmt":"2025-01-17T01:08:50","slug":"wohnen-im-schleemer-park-hamburg-2012","status":"publish","type":"post","link":"https:\/\/gebhardt-architekt.com\/en\/2024\/09\/25\/wohnen-im-schleemer-park-hamburg-2012\/","title":{"rendered":"Living at Schleemer Park, Hamburg 2012 "},"content":{"rendered":"<p><img decoding=\"async\" src=\"\/wp-content\/uploads\/2024\/09\/j_201203.jpg\" alt=\"Wohnen im Schleemer Park\"><\/p>\n<h1><span data-contrast=\"auto\" xml:lang=\"UK\" lang=\"UK\" class=\"TextRun SCXW55695375 BCX8\"><span class=\"NormalTextRun SCXW55695375 BCX8\">Wohnen im Schleemer Park, Hamburg 2012<\/span><\/span><\/h1>\n<div>\n<p><span data-contrast=\"auto\">Drei Bauk\u00f6rper sind versetzt so um einen Wohnhof herum angeordnet, dass sie, eingebettet in den durchlaufenden Gr\u00fcnraum, differenzierte Freir\u00e4ume ausbilden. Die Siebensp\u00e4nner vereinen hohe r\u00e4umliche Qualit\u00e4ten tageslicht- versorgter Erschlie\u00dfungsfl\u00e4chen mit wirtschaftlichen Fl\u00e4chenkennwerten.<\/span><span data-ccp-props=\"{&quot;201341983&quot;:0,&quot;335559737&quot;:2797,&quot;335559740&quot;:276}\">\u00a0<\/span><\/p>\n<p><span data-contrast=\"auto\">Team: Dipl.-Ing. H. Henningsen, Dipl.-Ing. W. Wa\u00dfmuth, Dipl.-Ing. G. Schittek, Dipl.-Ing. B. Kn\u00f6pper, L.<\/span> <span data-contrast=\"auto\">Soetta<\/span><\/p>\n<\/div>\n<ul>\n<li>\n<p><img decoding=\"async\" src=\"\/wp-content\/uploads\/2024\/09\/j_201203_2.jpg\" alt=\"\"><\/p>\n<h3>Wohnen im Schleemer Park<\/h3>\n<\/li>\n<li>\n<p><img decoding=\"async\" src=\"\/wp-content\/uploads\/2024\/09\/j_201203_3.jpg\" alt=\"\"><\/p>\n<h3>Wohnen im Schleemer Park<\/h3>\n<\/li>\n<li>\n<p><img decoding=\"async\" src=\"\/wp-content\/uploads\/2024\/09\/j_201203_4.jpg\" alt=\"\"><\/p>\n<h3>Wohnen im Schleemer Park<\/h3>\n<\/li>\n<li>\n<p><img decoding=\"async\" src=\"\/wp-content\/uploads\/2024\/09\/j_201203_5.jpg\" alt=\"\"><\/p>\n<h3>Wohnen im Schleemer Park<\/h3>\n<\/li>\n<li>\n<p><img decoding=\"async\" src=\"\/wp-content\/uploads\/2024\/09\/j_201203_6.jpg\" alt=\"\"><\/p>\n<h3>Wohnen im Schleemer Park<\/h3>\n<\/li>\n<\/ul>\n<div>\n<p>    <button onclick=\"goBack()\" class=\"uk-button uk-button-primary\" style=\"background-color: #fAfAfA; color: #111; border-color: transparent;\">Zur\u00fcck zur \u00dcbersicht<\/button>\n<\/div>\n<p><!--more--><br \/>\n<!-- {\"type\":\"layout\",\"children\":[{\"type\":\"section\",\"props\":{\"image_position\":\"center-center\",\"padding_remove_top\":true,\"style\":\"default\",\"title_breakpoint\":\"xl\",\"title_position\":\"top-left\",\"title_rotation\":\"left\",\"vertical_align\":\"\",\"width\":\"default\"},\"children\":[{\"type\":\"row\",\"children\":[{\"type\":\"column\",\"props\":{\"image_position\":\"center-center\",\"position_sticky_breakpoint\":\"m\"},\"children\":[{\"type\":\"image\",\"props\":{\"image\":\"wp-content\\\/uploads\\\/2024\\\/09\\\/j_201203.jpg\",\"image_alt\":\"Wohnen im Schleemer Park\",\"image_svg_color\":\"emphasis\",\"image_width\":\"1759\",\"margin\":\"default\"}},{\"type\":\"headline\",\"props\":{\"content\":\"<span data-contrast=\\\"auto\\\" xml:lang=\\\"UK\\\" lang=\\\"UK\\\" class=\\\"TextRun SCXW55695375 BCX8\\\"><span class=\\\"NormalTextRun SCXW55695375 BCX8\\\">Wohnen im Schleemer Park, Hamburg 2012<\\\/span><\\\/span>\",\"content_en_us\":\"<span data-contrast=\\\"none\\\" xml:lang=\\\"EN-GB\\\" lang=\\\"EN-GB\\\" class=\\\"TextRun SCXW132951988 BCX8\\\"><span class=\\\"NormalTextRun SCXW132951988 BCX8\\\">Living at <\\\/span><span class=\\\"SpellingError SCXW132951988 BCX8\\\">Schleemer<\\\/span><span class=\\\"NormalTextRun SCXW132951988 BCX8\\\"> Park<\\\/span><span class=\\\"NormalTextRun SCXW132951988 BCX8\\\">, Hamburg 2012<\\\/span><\\\/span><span class=\\\"EOP SCXW132951988 BCX8\\\" data-ccp-props=\\\"{&quot;201341983&quot;:0,&quot;335559737&quot;:2792,&quot;335559740&quot;:276}\\\">\\u00a0<\\\/span>\",\"css\":\".el-element, .el-element p {\\nfont-size:25px; font-weight: 400; font-family: HermesFB-Regular !important;\\n}\",\"title_element\":\"h1\",\"title_style\":\"h2\"}},{\"type\":\"text\",\"props\":{\"column_breakpoint\":\"m\",\"content\":\"\n\n<p><span data-contrast=\\\"auto\\\">Drei Bauk\\u00f6rper sind versetzt so um einen Wohnhof herum angeordnet, dass sie, eingebettet in den durchlaufenden Gr\\u00fcnraum, differenzierte Freir\\u00e4ume ausbilden. Die Siebensp\\u00e4nner vereinen hohe r\\u00e4umliche Qualit\\u00e4ten tageslicht- versorgter Erschlie\\u00dfungsfl\\u00e4chen mit wirtschaftlichen Fl\\u00e4chenkennwerten.<\\\/span><span data-ccp-props=\\\"{&quot;201341983&quot;:0,&quot;335559737&quot;:2797,&quot;335559740&quot;:276}\\\">\\u00a0<\\\/span><\\\/p>\\n\n\n<p><span data-contrast=\\\"auto\\\">Team: Dipl.-Ing. H. Henningsen, Dipl.-Ing. W. Wa\\u00dfmuth, Dipl.-Ing. G. Schittek, Dipl.-Ing. B. Kn\\u00f6pper, L.<\\\/span> <span data-contrast=\\\"auto\\\">Soetta<\\\/span><\\\/p>\",\"content_en_us\":\"\n\n<p><span data-contrast=\\\"none\\\">The slightly staggered arrangement of three buildings around a courtyard is embedded in a continuous swathe of green, and creates thus a variety of open spaces. With seven units per storey grouped around a central core, the residences combine a premium, naturally lit\\u00a0circulation system with cost-effective area parameters.<\\\/span><span data-ccp-props=\\\"{&quot;201341983&quot;:0,&quot;335559737&quot;:2792,&quot;335559740&quot;:276}\\\">\\u00a0<\\\/span><\\\/p>\\n\n\n<p><span data-contrast=\\\"auto\\\">Team: Dipl.-Ing. H. Henningsen, Dipl.-Ing. W. Wa\\u00dfmuth,\\u00a0<\\\/span><span data-contrast=\\\"auto\\\">Dipl.-Ing. G. Schittek, Dipl.-Ing. B. Kn\\u00f6pper, L.<\\\/span> <span data-contrast=\\\"auto\\\">Soetta<\\\/span><\\\/p>\",\"margin\":\"default\"}}]}]}],\"name\":\"Header image + headline + text | DE & EN\"},{\"type\":\"section\",\"props\":{\"image_position\":\"center-center\",\"style\":\"default\",\"title_breakpoint\":\"xl\",\"title_position\":\"top-left\",\"title_rotation\":\"left\",\"vertical_align\":\"\",\"width\":\"default\"},\"children\":[{\"type\":\"row\",\"children\":[{\"type\":\"column\",\"props\":{\"image_position\":\"center-center\",\"position_sticky_breakpoint\":\"m\"},\"children\":[{\"type\":\"grid\",\"props\":{\"content_column_breakpoint\":\"m\",\"css\":\".el-title {\\nfont-size:15px;\\n}\\n\\n.el-image {\\nmax-height:900px;\\nwidth:auto;\\n}\",\"filter_align\":\"left\",\"filter_all\":true,\"filter_grid_breakpoint\":\"m\",\"filter_grid_width\":\"auto\",\"filter_position\":\"top\",\"filter_style\":\"tab\",\"grid_column_align\":true,\"grid_default\":\"1\",\"grid_masonry\":\"pack\",\"grid_medium\":\"1\",\"grid_row_align\":true,\"icon_width\":80,\"image_align\":\"top\",\"image_grid_breakpoint\":\"m\",\"image_grid_width\":\"1-2\",\"image_link\":true,\"image_svg_color\":\"emphasis\",\"item_animation\":true,\"lightbox\":true,\"lightbox_image_orientation\":true,\"link_style\":\"default\",\"link_text\":\"\",\"margin\":\"default\",\"meta_align\":\"below-title\",\"meta_element\":\"div\",\"meta_style\":\"text-meta\",\"panel_link\":true,\"show_content\":true,\"show_image\":true,\"show_link\":true,\"show_meta\":true,\"show_title\":false,\"text_align\":\"center\",\"title_align\":\"top\",\"title_element\":\"h3\",\"title_grid_breakpoint\":\"m\",\"title_grid_width\":\"1-2\",\"title_hover_style\":\"reset\"},\"children\":[{\"type\":\"grid_item\",\"props\":{\"image\":\"wp-content\\\/uploads\\\/2024\\\/09\\\/j_201203_2.jpg\",\"title\":\"Wohnen im Schleemer Park\"}},{\"type\":\"grid_item\",\"props\":{\"image\":\"wp-content\\\/uploads\\\/2024\\\/09\\\/j_201203_3.jpg\",\"title\":\"Wohnen im Schleemer Park\"}},{\"type\":\"grid_item\",\"props\":{\"image\":\"wp-content\\\/uploads\\\/2024\\\/09\\\/j_201203_4.jpg\",\"title\":\"Wohnen im Schleemer Park\"}},{\"type\":\"grid_item\",\"props\":{\"image\":\"wp-content\\\/uploads\\\/2024\\\/09\\\/j_201203_5.jpg\",\"title\":\"Wohnen im Schleemer Park\"}},{\"type\":\"grid_item\",\"props\":{\"image\":\"wp-content\\\/uploads\\\/2024\\\/09\\\/j_201203_6.jpg\",\"title\":\"Wohnen im Schleemer Park\"}}]}]}]}],\"name\":\"Image-Grid\"},{\"type\":\"section\",\"props\":{\"image_position\":\"center-center\",\"style\":\"default\",\"title_breakpoint\":\"xl\",\"title_position\":\"top-left\",\"title_rotation\":\"left\",\"vertical_align\":\"\",\"width\":\"default\"},\"children\":[{\"type\":\"row\",\"children\":[{\"type\":\"column\",\"props\":{\"image_position\":\"center-center\",\"position_sticky_breakpoint\":\"m\"},\"children\":[{\"type\":\"html\",\"props\":{\"content\":\"<button onclick=\\\"goBack()\\\" class=\\\"uk-button uk-button-primary\\\" style=\\\"background-color: #fAfAfA; color: #111; border-color: transparent;\\\">Zur\\u00fcck zur \\u00dcbersicht<\\\/button>\",\"content_en_us\":\"<button onclick=\\\"goBack()\\\" class=\\\"uk-button uk-button-primary\\\" style=\\\"background-color: #fAfAfA; color: #111; border-color: transparent;\\\">Back to the overview<\\\/button>\",\"css\":\".el-element {\\ntext-align:center;\\n}\"}}]}]}],\"name\":\"Back to overview button\"}],\"version\":\"4.4.7\"} --><\/p>\n","protected":false},"excerpt":{"rendered":"<p>Wohnen im Schleemer Park, Hamburg 2012 Drei Bauk\u00f6rper sind versetzt so um einen Wohnhof herum angeordnet, dass sie, eingebettet in den durchlaufenden Gr\u00fcnraum, differenzierte Freir\u00e4ume ausbilden. Die Siebensp\u00e4nner vereinen hohe r\u00e4umliche Qualit\u00e4ten tageslicht- versorgter Erschlie\u00dfungsfl\u00e4chen mit wirtschaftlichen Fl\u00e4chenkennwerten.\u00a0 Team: Dipl.-Ing. H. Henningsen, Dipl.-Ing. W. Wa\u00dfmuth, Dipl.-Ing. G. Schittek, Dipl.-Ing. B. Kn\u00f6pper, L. Soetta Wohnen im [&hellip;]<\/p>\n","protected":false},"author":2,"featured_media":966,"comment_status":"open","ping_status":"open","sticky":false,"template":"","format":"standard","meta":{"footnotes":""},"categories":[19,10],"tags":[21,9],"class_list":["post-1992","post","type-post","status-publish","format-standard","has-post-thumbnail","hentry","category-privat","category-wohnen","tag-privat","tag-wohnen"],"_links":{"self":[{"href":"https:\/\/gebhardt-architekt.com\/en\/wp-json\/wp\/v2\/posts\/1992","targetHints":{"allow":["GET"]}}],"collection":[{"href":"https:\/\/gebhardt-architekt.com\/en\/wp-json\/wp\/v2\/posts"}],"about":[{"href":"https:\/\/gebhardt-architekt.com\/en\/wp-json\/wp\/v2\/types\/post"}],"author":[{"embeddable":true,"href":"https:\/\/gebhardt-architekt.com\/en\/wp-json\/wp\/v2\/users\/2"}],"replies":[{"embeddable":true,"href":"https:\/\/gebhardt-architekt.com\/en\/wp-json\/wp\/v2\/comments?post=1992"}],"version-history":[{"count":2,"href":"https:\/\/gebhardt-architekt.com\/en\/wp-json\/wp\/v2\/posts\/1992\/revisions"}],"predecessor-version":[{"id":1994,"href":"https:\/\/gebhardt-architekt.com\/en\/wp-json\/wp\/v2\/posts\/1992\/revisions\/1994"}],"wp:featuredmedia":[{"embeddable":true,"href":"https:\/\/gebhardt-architekt.com\/en\/wp-json\/wp\/v2\/media\/966"}],"wp:attachment":[{"href":"https:\/\/gebhardt-architekt.com\/en\/wp-json\/wp\/v2\/media?parent=1992"}],"wp:term":[{"taxonomy":"category","embeddable":true,"href":"https:\/\/gebhardt-architekt.com\/en\/wp-json\/wp\/v2\/categories?post=1992"},{"taxonomy":"post_tag","embeddable":true,"href":"https:\/\/gebhardt-architekt.com\/en\/wp-json\/wp\/v2\/tags?post=1992"}],"curies":[{"name":"wp","href":"https:\/\/api.w.org\/{rel}","templated":true}]}}