{"id":1983,"date":"2024-09-25T22:02:31","date_gmt":"2024-09-25T20:02:31","guid":{"rendered":"https:\/\/wordpress.gebhardt-architekt.com\/?p=1983"},"modified":"2026-02-05T13:20:26","modified_gmt":"2026-02-05T12:20:26","slug":"stadthaus-palmaille-98-hamburg-2012","status":"publish","type":"post","link":"https:\/\/gebhardt-architekt.com\/en\/2024\/09\/25\/stadthaus-palmaille-98-hamburg-2012\/","title":{"rendered":"Townhouse Palmaille 98, Hamburg 2012"},"content":{"rendered":"<p><img decoding=\"async\" src=\"\/wp-content\/uploads\/2024\/09\/j_201205.jpg\" alt=\"Stadthaus Palmaille 98 Hamburg 2012\"><\/p>\n<h1>Stadthaus Palmaille 98 Hamburg 2012<\/h1>\n<div>\n<p><span data-contrast=\"auto\">Das gro\u00dfb\u00fcrgerliche Wohnen, welches in den vergangenen Jahrzehnten weitgehend durch gewerbliche Nutzungen verdr\u00e4ngt wurde, soll an dieser Stelle ein zeitgem\u00e4\u00dfes Gesicht bekommen. Als Referenz dient das sch\u00f6nste Haus der eleganten Stra\u00dfe, das \u201eEinfensterhaus\u201c von C. F. Hansen.<\/span><\/p>\n<p><span data-contrast=\"auto\">Team: Dipl.-Ing. G. Schittek, Dipl.-Ing. H. Henningsen, Dipl.-Ing. W. Wa\u00dfmuth, Dipl.-Ing. B. Kn\u00f6pper<\/span><span data-contrast=\"auto\">, <\/span><span data-contrast=\"auto\">A. Burman<\/span><\/p>\n<\/div>\n<ul>\n<li>\n<p><img decoding=\"async\" src=\"\/wp-content\/uploads\/2024\/09\/j_201205_2.jpg\" alt=\"\"><\/p>\n<h3>Stadthaus Palmaille 98 Hamburg 2012<\/h3>\n<\/li>\n<li>\n<p><img decoding=\"async\" src=\"\/wp-content\/uploads\/2024\/09\/j_201205_3.jpg\" alt=\"\"><\/p>\n<h3>Stadthaus Palmaille 98 Hamburg 2012<\/h3>\n<\/li>\n<li>\n<p><img decoding=\"async\" src=\"\/wp-content\/uploads\/2024\/09\/j_201205_4.jpg\" alt=\"\"><\/p>\n<h3>Stadthaus Palmaille 98 Hamburg 2012<\/h3>\n<\/li>\n<li>\n<p><img decoding=\"async\" src=\"\/wp-content\/uploads\/2024\/09\/j_201205_5.jpg\" alt=\"\"><\/p>\n<h3>Stadthaus Palmaille 98 Hamburg 2012<\/h3>\n<\/li>\n<li>\n<p><img decoding=\"async\" src=\"\/wp-content\/uploads\/2024\/09\/j_201205_6.jpg\" alt=\"\"><\/p>\n<h3>Stadthaus Palmaille 98 Hamburg 2012<\/h3>\n<\/li>\n<li>\n<p><img decoding=\"async\" src=\"\/wp-content\/uploads\/2024\/09\/j_201205_7.jpg\" alt=\"\"><\/p>\n<h3>Stadthaus Palmaille 98 Hamburg 2012<\/h3>\n<\/li>\n<li>\n<p><img decoding=\"async\" src=\"\/wp-content\/uploads\/2024\/09\/j_201205_8.jpg\" alt=\"\"><\/p>\n<h3>Stadthaus Palmaille 98 Hamburg 2012<\/h3>\n<\/li>\n<li>\n<p><img decoding=\"async\" src=\"\/wp-content\/uploads\/2024\/09\/j_201205_9.jpg\" alt=\"\"><\/p>\n<h3>Stadthaus Palmaille 98 Hamburg 2012<\/h3>\n<\/li>\n<li>\n<p><img decoding=\"async\" src=\"\/wp-content\/uploads\/2024\/09\/j_201205_10.jpg\" alt=\"\"><\/p>\n<h3>Stadthaus Palmaille 98 Hamburg 2012<\/h3>\n<\/li>\n<li>\n<p><img decoding=\"async\" src=\"\/wp-content\/uploads\/2024\/09\/j_201205_11.jpg\" alt=\"\"><\/p>\n<h3>Stadthaus Palmaille 98 Hamburg 2012<\/h3>\n<\/li>\n<li>\n<p><img decoding=\"async\" src=\"\/wp-content\/uploads\/2024\/09\/j_201205_12.jpg\" alt=\"\"><\/p>\n<h3>Stadthaus Palmaille 98 Hamburg 2012<\/h3>\n<\/li>\n<li>\n<p><img decoding=\"async\" src=\"\/wp-content\/uploads\/2024\/09\/j_201205_13.jpg\" alt=\"\"><\/p>\n<h3>Stadthaus Palmaille 98 Hamburg 2012<\/h3>\n<\/li>\n<li>\n<p><img decoding=\"async\" src=\"\/wp-content\/uploads\/2024\/09\/j_201205_14.jpg\" alt=\"\"><\/p>\n<h3>Stadthaus Palmaille 98 Hamburg 2012<\/h3>\n<\/li>\n<li>\n<p><img decoding=\"async\" src=\"\/wp-content\/uploads\/2024\/09\/j_201205_15.jpg\" alt=\"\"><\/p>\n<h3>Stadthaus Palmaille 98 Hamburg 2012<\/h3>\n<\/li>\n<li>\n<p><img decoding=\"async\" src=\"\/wp-content\/uploads\/2024\/09\/j_201205_16.jpg\" alt=\"\"><\/p>\n<h3>Stadthaus Palmaille 98 Hamburg 2012<\/h3>\n<\/li>\n<li>\n<p><img decoding=\"async\" src=\"\/wp-content\/uploads\/2024\/09\/j_201205_17.jpg\" alt=\"\"><\/p>\n<h3>Stadthaus Palmaille 98 Hamburg 2012<\/h3>\n<\/li>\n<li>\n<p><img decoding=\"async\" src=\"\/wp-content\/uploads\/2024\/09\/j_201205_18.jpg\" alt=\"\"><\/p>\n<h3>Stadthaus Palmaille 98 Hamburg 2012<\/h3>\n<\/li>\n<li>\n<p><img decoding=\"async\" src=\"\/wp-content\/uploads\/2024\/09\/j_201205_19.jpg\" alt=\"\"><\/p>\n<h3>Stadthaus Palmaille 98 Hamburg 2012<\/h3>\n<\/li>\n<\/ul>\n<div>\n<p>    <button onclick=\"goBack()\" class=\"uk-button uk-button-primary\" style=\"background-color: #fAfAfA; color: #111; border-color: transparent;\">Zur\u00fcck zur \u00dcbersicht<\/button>\n<\/div>\n<p><!--more--><br \/>\n<!-- {\"type\":\"layout\",\"children\":[{\"type\":\"section\",\"props\":{\"image_position\":\"center-center\",\"padding_remove_top\":true,\"style\":\"default\",\"title_breakpoint\":\"xl\",\"title_position\":\"top-left\",\"title_rotation\":\"left\",\"vertical_align\":\"\",\"width\":\"default\"},\"children\":[{\"type\":\"row\",\"children\":[{\"type\":\"column\",\"props\":{\"image_position\":\"center-center\",\"position_sticky_breakpoint\":\"m\"},\"children\":[{\"type\":\"image\",\"props\":{\"image\":\"wp-content\\\/uploads\\\/2024\\\/09\\\/j_201205.jpg\",\"image_alt\":\"Stadthaus Palmaille 98 Hamburg 2012\",\"image_svg_color\":\"emphasis\",\"image_width\":\"1759\",\"margin\":\"default\"}},{\"type\":\"headline\",\"props\":{\"content\":\"Stadthaus Palmaille 98 Hamburg 2012\",\"content_en_us\":\"Townhouse Palmaille 98, Hamburg 2012\",\"css\":\".el-element, .el-element p {\\nfont-size:25px; font-weight: 400; font-family: HermesFB-Regular !important;\\n}\",\"title_element\":\"h1\",\"title_style\":\"h2\"}},{\"type\":\"text\",\"props\":{\"column_breakpoint\":\"m\",\"content\":\"\n\n<p><span data-contrast=\\\"auto\\\">Das gro\\u00dfb\\u00fcrgerliche Wohnen, welches in den vergangenen Jahrzehnten weitgehend durch gewerbliche Nutzungen verdr\\u00e4ngt wurde, soll an dieser Stelle ein zeitgem\\u00e4\\u00dfes Gesicht bekommen. Als Referenz dient das sch\\u00f6nste Haus der eleganten Stra\\u00dfe, das \\u201eEinfensterhaus\\u201c von C. F. Hansen.<\\\/span><\\\/p>\\n\n\n<p><span data-contrast=\\\"auto\\\">Team: Dipl.-Ing. G. Schittek, Dipl.-Ing. H. Henningsen, Dipl.-Ing. W. Wa\\u00dfmuth, Dipl.-Ing. B. Kn\\u00f6pper<\\\/span><span data-contrast=\\\"auto\\\">, <\\\/span><span data-contrast=\\\"auto\\\">A. Burman<\\\/span><\\\/p>\",\"content_en_us\":\"\n\n<p><span data-contrast=\\\"none\\\">Living in upper-class style, which commercial use of the property had largely pushed out of the picture in recent decades, makes a comeback here, with a contemporary look inspired in part by the most beautiful house on this elegant street, C.F. Hansen's \\\"One-Window House\\\".<\\\/span><span data-ccp-props=\\\"{&quot;201341983&quot;:0,&quot;335559737&quot;:2792,&quot;335559740&quot;:276}\\\">\\u00a0<\\\/span><\\\/p>\\n\n\n<p><span data-contrast=\\\"auto\\\">Team: Dipl.-Ing. G. Schittek, Dipl.-Ing. H. Henningsen, Dipl.-Ing. W. Wa\\u00dfmuth, Dipl.-Ing. B. Kn\\u00f6pper<\\\/span><span data-contrast=\\\"auto\\\">, <\\\/span><span data-contrast=\\\"auto\\\">A. Burman<\\\/span><\\\/p>\",\"margin\":\"default\"}}]}]}],\"name\":\"Header image + headline + text | DE & EN\"},{\"type\":\"section\",\"props\":{\"image_position\":\"center-center\",\"style\":\"default\",\"title_breakpoint\":\"xl\",\"title_position\":\"top-left\",\"title_rotation\":\"left\",\"vertical_align\":\"\",\"width\":\"default\"},\"children\":[{\"type\":\"row\",\"children\":[{\"type\":\"column\",\"props\":{\"image_position\":\"center-center\",\"position_sticky_breakpoint\":\"m\"},\"children\":[{\"type\":\"grid\",\"props\":{\"content_column_breakpoint\":\"m\",\"css\":\".el-title {\\nfont-size:15px;\\n}\\n\\n.el-image {\\nmax-height:900px;\\nwidth:auto;\\n}\",\"filter_align\":\"left\",\"filter_all\":true,\"filter_grid_breakpoint\":\"m\",\"filter_grid_width\":\"auto\",\"filter_position\":\"top\",\"filter_style\":\"tab\",\"grid_column_align\":true,\"grid_default\":\"1\",\"grid_masonry\":\"pack\",\"grid_medium\":\"1\",\"grid_row_align\":true,\"icon_width\":80,\"image_align\":\"top\",\"image_grid_breakpoint\":\"m\",\"image_grid_width\":\"1-2\",\"image_link\":true,\"image_svg_color\":\"emphasis\",\"item_animation\":true,\"lightbox\":true,\"lightbox_image_orientation\":true,\"link_style\":\"default\",\"link_text\":\"\",\"margin\":\"default\",\"meta_align\":\"below-title\",\"meta_element\":\"div\",\"meta_style\":\"text-meta\",\"panel_link\":true,\"show_content\":true,\"show_image\":true,\"show_link\":true,\"show_meta\":true,\"show_title\":false,\"text_align\":\"center\",\"title_align\":\"top\",\"title_element\":\"h3\",\"title_grid_breakpoint\":\"m\",\"title_grid_width\":\"1-2\",\"title_hover_style\":\"reset\"},\"children\":[{\"type\":\"grid_item\",\"props\":{\"image\":\"wp-content\\\/uploads\\\/2024\\\/09\\\/j_201205_2.jpg\",\"title\":\"Stadthaus Palmaille 98 Hamburg 2012\"}},{\"type\":\"grid_item\",\"props\":{\"image\":\"wp-content\\\/uploads\\\/2024\\\/09\\\/j_201205_3.jpg\",\"title\":\"Stadthaus Palmaille 98 Hamburg 2012\"}},{\"type\":\"grid_item\",\"props\":{\"image\":\"wp-content\\\/uploads\\\/2024\\\/09\\\/j_201205_4.jpg\",\"title\":\"Stadthaus Palmaille 98 Hamburg 2012\"}},{\"type\":\"grid_item\",\"props\":{\"image\":\"wp-content\\\/uploads\\\/2024\\\/09\\\/j_201205_5.jpg\",\"title\":\"Stadthaus Palmaille 98 Hamburg 2012\"}},{\"type\":\"grid_item\",\"props\":{\"image\":\"wp-content\\\/uploads\\\/2024\\\/09\\\/j_201205_6.jpg\",\"title\":\"Stadthaus Palmaille 98 Hamburg 2012\"}},{\"type\":\"grid_item\",\"props\":{\"image\":\"wp-content\\\/uploads\\\/2024\\\/09\\\/j_201205_7.jpg\",\"title\":\"Stadthaus Palmaille 98 Hamburg 2012\"}},{\"type\":\"grid_item\",\"props\":{\"image\":\"wp-content\\\/uploads\\\/2024\\\/09\\\/j_201205_8.jpg\",\"title\":\"Stadthaus Palmaille 98 Hamburg 2012\"}},{\"type\":\"grid_item\",\"props\":{\"image\":\"wp-content\\\/uploads\\\/2024\\\/09\\\/j_201205_9.jpg\",\"title\":\"Stadthaus Palmaille 98 Hamburg 2012\"}},{\"type\":\"grid_item\",\"props\":{\"image\":\"wp-content\\\/uploads\\\/2024\\\/09\\\/j_201205_10.jpg\",\"title\":\"Stadthaus Palmaille 98 Hamburg 2012\"}},{\"type\":\"grid_item\",\"props\":{\"image\":\"wp-content\\\/uploads\\\/2024\\\/09\\\/j_201205_11.jpg\",\"title\":\"Stadthaus Palmaille 98 Hamburg 2012\"}},{\"type\":\"grid_item\",\"props\":{\"image\":\"wp-content\\\/uploads\\\/2024\\\/09\\\/j_201205_12.jpg\",\"title\":\"Stadthaus Palmaille 98 Hamburg 2012\"}},{\"type\":\"grid_item\",\"props\":{\"image\":\"wp-content\\\/uploads\\\/2024\\\/09\\\/j_201205_13.jpg\",\"title\":\"Stadthaus Palmaille 98 Hamburg 2012\"}},{\"type\":\"grid_item\",\"props\":{\"image\":\"wp-content\\\/uploads\\\/2024\\\/09\\\/j_201205_14.jpg\",\"title\":\"Stadthaus Palmaille 98 Hamburg 2012\"}},{\"type\":\"grid_item\",\"props\":{\"image\":\"wp-content\\\/uploads\\\/2024\\\/09\\\/j_201205_15.jpg\",\"title\":\"Stadthaus Palmaille 98 Hamburg 2012\"}},{\"type\":\"grid_item\",\"props\":{\"image\":\"wp-content\\\/uploads\\\/2024\\\/09\\\/j_201205_16.jpg\",\"title\":\"Stadthaus Palmaille 98 Hamburg 2012\"}},{\"type\":\"grid_item\",\"props\":{\"image\":\"wp-content\\\/uploads\\\/2024\\\/09\\\/j_201205_17.jpg\",\"title\":\"Stadthaus Palmaille 98 Hamburg 2012\"}},{\"type\":\"grid_item\",\"props\":{\"image\":\"wp-content\\\/uploads\\\/2024\\\/09\\\/j_201205_18.jpg\",\"title\":\"Stadthaus Palmaille 98 Hamburg 2012\"}},{\"type\":\"grid_item\",\"props\":{\"image\":\"wp-content\\\/uploads\\\/2024\\\/09\\\/j_201205_19.jpg\",\"title\":\"Stadthaus Palmaille 98 Hamburg 2012\"}}]}]}]}],\"name\":\"Image-Grid\"},{\"type\":\"section\",\"props\":{\"image_position\":\"center-center\",\"style\":\"default\",\"title_breakpoint\":\"xl\",\"title_position\":\"top-left\",\"title_rotation\":\"left\",\"vertical_align\":\"\",\"width\":\"default\"},\"children\":[{\"type\":\"row\",\"children\":[{\"type\":\"column\",\"props\":{\"image_position\":\"center-center\",\"position_sticky_breakpoint\":\"m\"},\"children\":[{\"type\":\"html\",\"props\":{\"content\":\"<button onclick=\\\"goBack()\\\" class=\\\"uk-button uk-button-primary\\\" style=\\\"background-color: #fAfAfA; color: #111; border-color: transparent;\\\">Zur\\u00fcck zur \\u00dcbersicht<\\\/button>\",\"content_en_us\":\"<button onclick=\\\"goBack()\\\" class=\\\"uk-button uk-button-primary\\\" style=\\\"background-color: #fAfAfA; color: #111; border-color: transparent;\\\">Back to the overview<\\\/button>\",\"css\":\".el-element {\\ntext-align:center;\\n}\"}}]}]}],\"name\":\"Back to overview button\"}],\"version\":\"4.4.7\"} --><\/p>\n","protected":false},"excerpt":{"rendered":"<p>Stadthaus Palmaille 98 Hamburg 2012 Das gro\u00dfb\u00fcrgerliche Wohnen, welches in den vergangenen Jahrzehnten weitgehend durch gewerbliche Nutzungen verdr\u00e4ngt wurde, soll an dieser Stelle ein zeitgem\u00e4\u00dfes Gesicht bekommen. Als Referenz dient das sch\u00f6nste Haus der eleganten Stra\u00dfe, das \u201eEinfensterhaus\u201c von C. F. Hansen. Team: Dipl.-Ing. G. Schittek, Dipl.-Ing. H. Henningsen, Dipl.-Ing. W. Wa\u00dfmuth, Dipl.-Ing. B. Kn\u00f6pper, [&hellip;]<\/p>\n","protected":false},"author":2,"featured_media":977,"comment_status":"open","ping_status":"open","sticky":false,"template":"","format":"standard","meta":{"footnotes":""},"categories":[40,13,36,20,19,10],"tags":[41,14,37,21,9],"class_list":["post-1983","post","type-post","status-publish","format-standard","has-post-thumbnail","hentry","category-auswahl","category-denkmal","category-interieur","category-preise","category-privat","category-wohnen","tag-auswahl","tag-denkmal","tag-interieur","tag-privat","tag-wohnen"],"_links":{"self":[{"href":"https:\/\/gebhardt-architekt.com\/en\/wp-json\/wp\/v2\/posts\/1983","targetHints":{"allow":["GET"]}}],"collection":[{"href":"https:\/\/gebhardt-architekt.com\/en\/wp-json\/wp\/v2\/posts"}],"about":[{"href":"https:\/\/gebhardt-architekt.com\/en\/wp-json\/wp\/v2\/types\/post"}],"author":[{"embeddable":true,"href":"https:\/\/gebhardt-architekt.com\/en\/wp-json\/wp\/v2\/users\/2"}],"replies":[{"embeddable":true,"href":"https:\/\/gebhardt-architekt.com\/en\/wp-json\/wp\/v2\/comments?post=1983"}],"version-history":[{"count":6,"href":"https:\/\/gebhardt-architekt.com\/en\/wp-json\/wp\/v2\/posts\/1983\/revisions"}],"predecessor-version":[{"id":2245,"href":"https:\/\/gebhardt-architekt.com\/en\/wp-json\/wp\/v2\/posts\/1983\/revisions\/2245"}],"wp:featuredmedia":[{"embeddable":true,"href":"https:\/\/gebhardt-architekt.com\/en\/wp-json\/wp\/v2\/media\/977"}],"wp:attachment":[{"href":"https:\/\/gebhardt-architekt.com\/en\/wp-json\/wp\/v2\/media?parent=1983"}],"wp:term":[{"taxonomy":"category","embeddable":true,"href":"https:\/\/gebhardt-architekt.com\/en\/wp-json\/wp\/v2\/categories?post=1983"},{"taxonomy":"post_tag","embeddable":true,"href":"https:\/\/gebhardt-architekt.com\/en\/wp-json\/wp\/v2\/tags?post=1983"}],"curies":[{"name":"wp","href":"https:\/\/api.w.org\/{rel}","templated":true}]}}