{"id":1939,"date":"2024-09-25T20:39:36","date_gmt":"2024-09-25T18:39:36","guid":{"rendered":"https:\/\/wordpress.gebhardt-architekt.com\/?p=1939"},"modified":"2024-10-18T17:26:27","modified_gmt":"2024-10-18T15:26:27","slug":"neues-bauhaus-museum-weimar-2011","status":"publish","type":"post","link":"https:\/\/gebhardt-architekt.com\/en\/2024\/09\/25\/neues-bauhaus-museum-weimar-2011\/","title":{"rendered":"New Bauhaus Museum, Weimar 2011 "},"content":{"rendered":"<p><img decoding=\"async\" src=\"\/wp-content\/uploads\/2024\/09\/j_201108.jpg\" alt=\"Neues Bauhaus-Museum Weimar 2011\"><\/p>\n<h1>Neues Bauhaus-Museum Weimar 2011<\/h1>\n<div>\n<p><span data-contrast=\"auto\">Das Neue Bauhaus-Museum \u00f6ffnet sich zu allen Wegebeziehungen mit Eing\u00e4ngen und einladenden Fassaden. Dem Museum als \u00f6ffentlichem Haus entspricht auch die \u00fcberwiegend \u00f6ffentliche Nutzung des Erdgeschosses, sowie einer Dachterrasse, von der aus man in Ruhe die Ausstellungsinhalte mit dem Ort und der Gegenwart in Beziehung setzen kann. Die \u00fcber alle Geschosse reichende Haupteingangshalle wirkt sich in Bezug auf \u00d6ffentlichkeit nicht nur auf die Qualit\u00e4t des Platzes aus, vielmehr projiziert sie das Museum aus dem Schatten des \u201eGauforums\u201c in die erste Reihe.<\/span><span data-ccp-props=\"{&quot;201341983&quot;:0,&quot;335559737&quot;:2797,&quot;335559740&quot;:276}\">\u00a0<\/span><\/p>\n<p><span data-contrast=\"auto\">Team: Dipl.-Ing. W. Wa<\/span><span data-contrast=\"auto\">\u00df<\/span><span data-contrast=\"auto\">muth, Dipl.-Ing. G. Schittek, Dipl.-Ing. B. Kn\u00f6pper, L. Soetta, A. Goel<\/span><span data-ccp-props=\"{&quot;201341983&quot;:0,&quot;335559737&quot;:2797,&quot;335559740&quot;:276,&quot;469777462&quot;:[4536,9072],&quot;469777927&quot;:[0,0],&quot;469777928&quot;:[3,4]}\">\u00a0<\/span><\/p>\n<\/div>\n<ul>\n<li>\n<p><img decoding=\"async\" src=\"\/wp-content\/uploads\/2024\/09\/j_201108_2.jpg\" alt=\"\"><\/p>\n<h3>Neues Bauhaus-Museum Weimar 2011<\/h3>\n<\/li>\n<li>\n<p><img decoding=\"async\" src=\"\/wp-content\/uploads\/2024\/09\/j_201108_3.jpg\" alt=\"\"><\/p>\n<h3>Neues Bauhaus-Museum Weimar 2011<\/h3>\n<\/li>\n<\/ul>\n<div>\n<p>    <button onclick=\"goBack()\" class=\"uk-button uk-button-primary\" style=\"background-color: #fAfAfA; color: #111; border-color: transparent;\">Zur\u00fcck zur \u00dcbersicht<\/button>\n<\/div>\n<p><!--more--><br \/>\n<!-- {\"type\":\"layout\",\"children\":[{\"type\":\"section\",\"props\":{\"image_position\":\"center-center\",\"padding_remove_top\":true,\"style\":\"default\",\"title_breakpoint\":\"xl\",\"title_position\":\"top-left\",\"title_rotation\":\"left\",\"vertical_align\":\"\",\"width\":\"default\"},\"children\":[{\"type\":\"row\",\"children\":[{\"type\":\"column\",\"props\":{\"image_position\":\"center-center\",\"position_sticky_breakpoint\":\"m\"},\"children\":[{\"type\":\"image\",\"props\":{\"image\":\"wp-content\\\/uploads\\\/2024\\\/09\\\/j_201108.jpg\",\"image_alt\":\"Neues Bauhaus-Museum Weimar 2011\",\"image_svg_color\":\"emphasis\",\"image_width\":\"1759\",\"margin\":\"default\"}},{\"type\":\"headline\",\"props\":{\"content\":\"Neues Bauhaus-Museum Weimar 2011\",\"content_en_us\":\"<span>New Bauhaus Museum, Weimar 2011 <\\\/span>\",\"css\":\".el-element, .el-element p {\\nfont-size:25px; font-weight: 400; font-family: HermesFB-Regular !important;\\n}\",\"title_element\":\"h1\",\"title_style\":\"h2\"}},{\"type\":\"text\",\"props\":{\"column_breakpoint\":\"m\",\"content\":\"\n\n<p><span data-contrast=\\\"auto\\\">Das Neue Bauhaus-Museum \\u00f6ffnet sich zu allen Wegebeziehungen mit Eing\\u00e4ngen und einladenden Fassaden. Dem Museum als \\u00f6ffentlichem Haus entspricht auch die \\u00fcberwiegend \\u00f6ffentliche Nutzung des Erdgeschosses, sowie einer Dachterrasse, von der aus man in Ruhe die Ausstellungsinhalte mit dem Ort und der Gegenwart in Beziehung setzen kann. Die \\u00fcber alle Geschosse reichende Haupteingangshalle wirkt sich in Bezug auf \\u00d6ffentlichkeit nicht nur auf die Qualit\\u00e4t des Platzes aus, vielmehr projiziert sie das Museum aus dem Schatten des \\u201eGauforums\\u201c in die erste Reihe.<\\\/span><span data-ccp-props=\\\"{&quot;201341983&quot;:0,&quot;335559737&quot;:2797,&quot;335559740&quot;:276}\\\">\\u00a0<\\\/span><\\\/p>\\n\n\n<p><span data-contrast=\\\"auto\\\">Team: Dipl.-Ing. W. Wa<\\\/span><span data-contrast=\\\"auto\\\">\\u00df<\\\/span><span data-contrast=\\\"auto\\\">muth, Dipl.-Ing. G. Schittek, Dipl.-Ing. B. Kn\\u00f6pper, L. Soetta, A. Goel<\\\/span><span data-ccp-props=\\\"{&quot;201341983&quot;:0,&quot;335559737&quot;:2797,&quot;335559740&quot;:276,&quot;469777462&quot;:[4536,9072],&quot;469777927&quot;:[0,0],&quot;469777928&quot;:[3,4]}\\\">\\u00a0<\\\/span><\\\/p>\",\"content_en_us\":\"\n\n<p><span data-contrast=\\\"none\\\">The New Bauhaus Museum opens to all directional relationships with its entrances and attractive facades. The museum as a public structure is not only defined by its public functions oriented ground floor but also by the roof terrace which lets one contemplate about the exhibits and bridge the gap between the past and the present. The entrance to the museum enhances the importance and quality of the public square in front of it and also protects it from being overshadowed by the \\\"Gauforum\\\" in the front row.<\\\/span><span data-ccp-props=\\\"{&quot;201341983&quot;:0,&quot;335559737&quot;:2792,&quot;335559740&quot;:276}\\\">\\u00a0<\\\/span><\\\/p>\\n\n\n<p><span data-contrast=\\\"none\\\">Team: <\\\/span><span data-contrast=\\\"auto\\\">Dipl.-Ing. W. Wassmuth, Dipl.-Ing. G. Schittek, Dipl.-Ing. B. Kn\\u00f6pper, L. Soetta, A. Goel<\\\/span><span data-ccp-props=\\\"{&quot;201341983&quot;:0,&quot;335559737&quot;:2792,&quot;335559740&quot;:276}\\\">\\u00a0<\\\/span><\\\/p>\",\"margin\":\"default\"}}]}]}],\"name\":\"Header image + headline + text | DE & EN\"},{\"type\":\"section\",\"props\":{\"image_position\":\"center-center\",\"style\":\"default\",\"title_breakpoint\":\"xl\",\"title_position\":\"top-left\",\"title_rotation\":\"left\",\"vertical_align\":\"\",\"width\":\"default\"},\"children\":[{\"type\":\"row\",\"children\":[{\"type\":\"column\",\"props\":{\"image_position\":\"center-center\",\"position_sticky_breakpoint\":\"m\"},\"children\":[{\"type\":\"grid\",\"props\":{\"content_column_breakpoint\":\"m\",\"css\":\".el-title {\\nfont-size:15px;\\n}\\n\\n.el-image {\\nmax-height:900px;\\nwidth:auto;\\n}\",\"filter_align\":\"left\",\"filter_all\":true,\"filter_grid_breakpoint\":\"m\",\"filter_grid_width\":\"auto\",\"filter_position\":\"top\",\"filter_style\":\"tab\",\"grid_column_align\":true,\"grid_default\":\"1\",\"grid_masonry\":\"pack\",\"grid_medium\":\"1\",\"grid_row_align\":true,\"icon_width\":80,\"image_align\":\"top\",\"image_grid_breakpoint\":\"m\",\"image_grid_width\":\"1-2\",\"image_link\":true,\"image_svg_color\":\"emphasis\",\"item_animation\":true,\"lightbox\":true,\"lightbox_image_orientation\":true,\"link_style\":\"default\",\"link_text\":\"\",\"margin\":\"default\",\"meta_align\":\"below-title\",\"meta_element\":\"div\",\"meta_style\":\"text-meta\",\"panel_link\":true,\"show_content\":true,\"show_image\":true,\"show_link\":true,\"show_meta\":true,\"show_title\":false,\"text_align\":\"center\",\"title_align\":\"top\",\"title_element\":\"h3\",\"title_grid_breakpoint\":\"m\",\"title_grid_width\":\"1-2\",\"title_hover_style\":\"reset\"},\"children\":[{\"type\":\"grid_item\",\"props\":{\"image\":\"wp-content\\\/uploads\\\/2024\\\/09\\\/j_201108_2.jpg\",\"title\":\"Neues Bauhaus-Museum Weimar 2011\"}},{\"type\":\"grid_item\",\"props\":{\"image\":\"wp-content\\\/uploads\\\/2024\\\/09\\\/j_201108_3.jpg\",\"title\":\"Neues Bauhaus-Museum Weimar 2011\"}}]}]}]}],\"name\":\"Image-Grid\"},{\"type\":\"section\",\"props\":{\"image_position\":\"center-center\",\"style\":\"default\",\"title_breakpoint\":\"xl\",\"title_position\":\"top-left\",\"title_rotation\":\"left\",\"vertical_align\":\"\",\"width\":\"default\"},\"children\":[{\"type\":\"row\",\"children\":[{\"type\":\"column\",\"props\":{\"image_position\":\"center-center\",\"position_sticky_breakpoint\":\"m\"},\"children\":[{\"type\":\"html\",\"props\":{\"content\":\"<button onclick=\\\"goBack()\\\" class=\\\"uk-button uk-button-primary\\\" style=\\\"background-color: #fAfAfA; color: #111; border-color: transparent;\\\">Zur\\u00fcck zur \\u00dcbersicht<\\\/button>\",\"content_en_us\":\"<button onclick=\\\"goBack()\\\" class=\\\"uk-button uk-button-primary\\\" style=\\\"background-color: #fAfAfA; color: #111; border-color: transparent;\\\">Back to the overview<\\\/button>\",\"css\":\".el-element {\\ntext-align:center;\\n}\"}}]}]}],\"name\":\"Back to overview button\"}],\"version\":\"4.4.7\"} --><\/p>\n","protected":false},"excerpt":{"rendered":"<p>New Bauhaus Museum, Weimar 2011 The New Bauhaus Museum opens to all directional relationships with its entrances and attractive facades. The museum as a public structure is not only defined by its public functions oriented ground floor but also by the roof terrace which lets one contemplate about the exhibits and bridge the gap between [&hellip;]<\/p>\n","protected":false},"author":2,"featured_media":940,"comment_status":"open","ping_status":"open","sticky":false,"template":"","format":"standard","meta":{"footnotes":""},"categories":[11,12],"tags":[15,16],"class_list":["post-1939","post","type-post","status-publish","format-standard","has-post-thumbnail","hentry","category-kultur","category-oeffentlich","tag-kultur","tag-oeffentlich"],"_links":{"self":[{"href":"https:\/\/gebhardt-architekt.com\/en\/wp-json\/wp\/v2\/posts\/1939","targetHints":{"allow":["GET"]}}],"collection":[{"href":"https:\/\/gebhardt-architekt.com\/en\/wp-json\/wp\/v2\/posts"}],"about":[{"href":"https:\/\/gebhardt-architekt.com\/en\/wp-json\/wp\/v2\/types\/post"}],"author":[{"embeddable":true,"href":"https:\/\/gebhardt-architekt.com\/en\/wp-json\/wp\/v2\/users\/2"}],"replies":[{"embeddable":true,"href":"https:\/\/gebhardt-architekt.com\/en\/wp-json\/wp\/v2\/comments?post=1939"}],"version-history":[{"count":3,"href":"https:\/\/gebhardt-architekt.com\/en\/wp-json\/wp\/v2\/posts\/1939\/revisions"}],"predecessor-version":[{"id":2298,"href":"https:\/\/gebhardt-architekt.com\/en\/wp-json\/wp\/v2\/posts\/1939\/revisions\/2298"}],"wp:featuredmedia":[{"embeddable":true,"href":"https:\/\/gebhardt-architekt.com\/en\/wp-json\/wp\/v2\/media\/940"}],"wp:attachment":[{"href":"https:\/\/gebhardt-architekt.com\/en\/wp-json\/wp\/v2\/media?parent=1939"}],"wp:term":[{"taxonomy":"category","embeddable":true,"href":"https:\/\/gebhardt-architekt.com\/en\/wp-json\/wp\/v2\/categories?post=1939"},{"taxonomy":"post_tag","embeddable":true,"href":"https:\/\/gebhardt-architekt.com\/en\/wp-json\/wp\/v2\/tags?post=1939"}],"curies":[{"name":"wp","href":"https:\/\/api.w.org\/{rel}","templated":true}]}}