{"id":1850,"date":"2024-09-24T23:23:31","date_gmt":"2024-09-24T21:23:31","guid":{"rendered":"https:\/\/wordpress.gebhardt-architekt.com\/?p=1850"},"modified":"2025-01-20T13:55:59","modified_gmt":"2025-01-20T12:55:59","slug":"architektenkammer-berlin-2010","status":"publish","type":"post","link":"https:\/\/gebhardt-architekt.com\/en\/2024\/09\/24\/architektenkammer-berlin-2010\/","title":{"rendered":"Berlin Chamber of Architects 2010"},"content":{"rendered":"<p><img decoding=\"async\" src=\"\/wp-content\/uploads\/2024\/09\/j_201016.jpg\" alt=\"Architektenkammer Berlin 2010\"><\/p>\n<h1><span data-contrast=\"auto\" xml:lang=\"UK\" lang=\"UK\" class=\"TextRun SCXW182822246 BCX8\"><span class=\"NormalTextRun SCXW182822246 BCX8\">Architektenkammer Berlin 2010<\/span><\/span><\/h1>\n<div>\n<p><span data-contrast=\"auto\">Mit dem neuen Herzen der Gesch\u00e4ftsstelle wird auf minimal invasivem\u00a0 Wege versucht einen einladenden und identit\u00e4tstiftenden Ort zu kreieren. Denkmalpflege wird hierbei nicht verstanden als bedingungsloser Erhalt, sondern als respektvolle Ert\u00fcchtigung des Erbes.\u00a0<\/span><span data-ccp-props=\"{&quot;201341983&quot;:0,&quot;335559737&quot;:2797,&quot;335559740&quot;:276}\">\u00a0<\/span><\/p>\n<p><span data-contrast=\"auto\">Die Dynamik der Skulptur des 1929\/30 von Erich Mendelsohn geplanten Hauptverwaltungsgeb\u00e4ude der Deutschen Metallgewerkschaft setzt sich im Inneren\u00a0 in den flie\u00dfenden Bewegungsr\u00e4umen fort. Begleitet von Tageslicht soll zuk\u00fcnftig\u00a0 der Weg der Mitglieder und Besucher der Architektenkammer von\u00a0 einladender Offenheit gepr\u00e4gt sein.<\/span><span data-ccp-props=\"{&quot;201341983&quot;:0,&quot;335559737&quot;:2797,&quot;335559740&quot;:276}\">\u00a0<\/span><\/p>\n<p><span data-contrast=\"auto\">Team: Dipl.-Ing. H. Henningsen, Dip<\/span><span data-contrast=\"auto\">l<\/span><span data-contrast=\"auto\">.<\/span><span data-contrast=\"auto\">&#8211;<\/span><span data-contrast=\"auto\">Ing. W. Wa\u00dfmuth, L. Soetta<\/span><span data-ccp-props=\"{&quot;201341983&quot;:0,&quot;335559737&quot;:2797,&quot;335559740&quot;:276}\">\u00a0<\/span><\/p>\n<\/div>\n<ul>\n<li>\n<p><img decoding=\"async\" src=\"\/wp-content\/uploads\/2024\/09\/j_201016_2.jpg\" alt=\"\"><\/p>\n<h3>Architektenkammer Berlin 2010<\/h3>\n<\/li>\n<li>\n<p><img decoding=\"async\" src=\"\/wp-content\/uploads\/2024\/09\/j_201016_4.jpg\" alt=\"\"><\/p>\n<h3>Architektenkammer Berlin 2010<\/h3>\n<\/li>\n<li>\n<p><img decoding=\"async\" src=\"\/wp-content\/uploads\/2024\/09\/j_201016_3.jpg\" alt=\"\"><\/p>\n<h3>Architektenkammer Berlin 2010<\/h3>\n<\/li>\n<\/ul>\n<div>\n<p>    <button onclick=\"goBack()\" class=\"uk-button uk-button-primary\" style=\"background-color: #fAfAfA; color: #111; border-color: transparent;\">Zur\u00fcck zur \u00dcbersicht<\/button>\n<\/div>\n<p><!--more--><br \/>\n<!-- {\"type\":\"layout\",\"children\":[{\"type\":\"section\",\"props\":{\"image_position\":\"center-center\",\"padding_remove_top\":true,\"style\":\"default\",\"title_breakpoint\":\"xl\",\"title_position\":\"top-left\",\"title_rotation\":\"left\",\"vertical_align\":\"\",\"width\":\"default\"},\"children\":[{\"type\":\"row\",\"children\":[{\"type\":\"column\",\"props\":{\"image_position\":\"center-center\",\"position_sticky_breakpoint\":\"m\"},\"children\":[{\"type\":\"image\",\"props\":{\"image\":\"wp-content\\\/uploads\\\/2024\\\/09\\\/j_201016.jpg\",\"image_alt\":\"Architektenkammer Berlin 2010\",\"image_svg_color\":\"emphasis\",\"image_width\":\"1759\",\"margin\":\"default\"}},{\"type\":\"headline\",\"props\":{\"content\":\"<span data-contrast=\\\"auto\\\" xml:lang=\\\"UK\\\" lang=\\\"UK\\\" class=\\\"TextRun SCXW182822246 BCX8\\\"><span class=\\\"NormalTextRun SCXW182822246 BCX8\\\">Architektenkammer Berlin 2010<\\\/span><\\\/span>\",\"content_en_us\":\"<span>Berlin Chamber of Architects 2010<\\\/span>\",\"css\":\".el-element, .el-element p {\\nfont-size:25px; font-weight: 400; font-family: HermesFB-Regular !important;\\n}\",\"title_element\":\"h1\",\"title_style\":\"h2\"}},{\"type\":\"text\",\"props\":{\"column_breakpoint\":\"m\",\"content\":\"\n\n<p><span data-contrast=\\\"auto\\\">Mit dem neuen Herzen der Gesch\\u00e4ftsstelle wird auf minimal invasivem\\u00a0 Wege versucht einen einladenden und identit\\u00e4tstiftenden Ort zu kreieren. Denkmalpflege wird hierbei nicht verstanden als bedingungsloser Erhalt, sondern als respektvolle Ert\\u00fcchtigung des Erbes.\\u00a0<\\\/span><span data-ccp-props=\\\"{&quot;201341983&quot;:0,&quot;335559737&quot;:2797,&quot;335559740&quot;:276}\\\">\\u00a0<\\\/span><\\\/p>\\n\n\n<p><span data-contrast=\\\"auto\\\">Die Dynamik der Skulptur des 1929\\\/30 von Erich Mendelsohn geplanten Hauptverwaltungsgeb\\u00e4ude der Deutschen Metallgewerkschaft setzt sich im Inneren\\u00a0 in den flie\\u00dfenden Bewegungsr\\u00e4umen fort. Begleitet von Tageslicht soll zuk\\u00fcnftig\\u00a0 der Weg der Mitglieder und Besucher der Architektenkammer von\\u00a0 einladender Offenheit gepr\\u00e4gt sein.<\\\/span><span data-ccp-props=\\\"{&quot;201341983&quot;:0,&quot;335559737&quot;:2797,&quot;335559740&quot;:276}\\\">\\u00a0<\\\/span><\\\/p>\\n\n\n<p><span data-contrast=\\\"auto\\\">Team: Dipl.-Ing. H. Henningsen, Dip<\\\/span><span data-contrast=\\\"auto\\\">l<\\\/span><span data-contrast=\\\"auto\\\">.<\\\/span><span data-contrast=\\\"auto\\\">-<\\\/span><span data-contrast=\\\"auto\\\">Ing. W. Wa\\u00dfmuth, L. Soetta<\\\/span><span data-ccp-props=\\\"{&quot;201341983&quot;:0,&quot;335559737&quot;:2797,&quot;335559740&quot;:276}\\\">\\u00a0<\\\/span><\\\/p>\",\"content_en_us\":\"\n\n<p><span data-contrast=\\\"none\\\">Redesign of the heart of the Chamber creates a welcoming location with a strong identity, using what could be described as minimally invasive surgery. Heritage preservation is thereby understood to mean not the uncompromising retention of all original features but rather a respectful approach that underscores their strengths. The sculptural dynamism of Erich Mendelsohn's original building, designed in 1929-1930 as the administrative base of the German Metalworkers' Union, is echoed within by sweeping, open-plan spaces<\\\/span><span data-ccp-props=\\\"{&quot;201341983&quot;:0,&quot;335559737&quot;:2792,&quot;335559740&quot;:276}\\\">\\u00a0<\\\/span><\\\/p>\\n\n\n<p><span data-contrast=\\\"auto\\\">Team: Dipl.- Ing. H. Henningsen, Dip<\\\/span><span data-contrast=\\\"auto\\\">l<\\\/span><span data-contrast=\\\"auto\\\">.<\\\/span><span data-contrast=\\\"auto\\\">-<\\\/span><span data-contrast=\\\"auto\\\"> Ing. W. Wa\\u00dfmuth, L. Soetta<\\\/span><span data-ccp-props=\\\"{&quot;201341983&quot;:0,&quot;335559737&quot;:2797,&quot;335559740&quot;:276}\\\">\\u00a0<\\\/span><\\\/p>\",\"margin\":\"default\"}}]}]}],\"name\":\"Header image + headline + text | DE & EN\"},{\"type\":\"section\",\"props\":{\"image_position\":\"center-center\",\"style\":\"default\",\"title_breakpoint\":\"xl\",\"title_position\":\"top-left\",\"title_rotation\":\"left\",\"vertical_align\":\"\",\"width\":\"default\"},\"children\":[{\"type\":\"row\",\"children\":[{\"type\":\"column\",\"props\":{\"image_position\":\"center-center\",\"position_sticky_breakpoint\":\"m\"},\"children\":[{\"type\":\"grid\",\"props\":{\"content_column_breakpoint\":\"m\",\"css\":\".el-title {\\nfont-size:15px;\\n}\\n\\n.el-image {\\nmax-height:900px;\\nwidth:auto;\\n}\",\"filter_align\":\"left\",\"filter_all\":true,\"filter_grid_breakpoint\":\"m\",\"filter_grid_width\":\"auto\",\"filter_position\":\"top\",\"filter_style\":\"tab\",\"grid_column_align\":true,\"grid_default\":\"1\",\"grid_masonry\":\"pack\",\"grid_medium\":\"1\",\"grid_row_align\":true,\"icon_width\":80,\"image_align\":\"top\",\"image_grid_breakpoint\":\"m\",\"image_grid_width\":\"1-2\",\"image_link\":true,\"image_svg_color\":\"emphasis\",\"item_animation\":true,\"lightbox\":true,\"lightbox_image_orientation\":true,\"link_style\":\"default\",\"link_text\":\"\",\"margin\":\"default\",\"meta_align\":\"below-title\",\"meta_element\":\"div\",\"meta_style\":\"text-meta\",\"panel_link\":true,\"show_content\":true,\"show_image\":true,\"show_link\":true,\"show_meta\":true,\"show_title\":false,\"text_align\":\"center\",\"title_align\":\"top\",\"title_element\":\"h3\",\"title_grid_breakpoint\":\"m\",\"title_grid_width\":\"1-2\",\"title_hover_style\":\"reset\"},\"children\":[{\"type\":\"grid_item\",\"props\":{\"image\":\"wp-content\\\/uploads\\\/2024\\\/09\\\/j_201016_2.jpg\",\"title\":\"Architektenkammer Berlin 2010\"}},{\"type\":\"grid_item\",\"props\":{\"image\":\"wp-content\\\/uploads\\\/2024\\\/09\\\/j_201016_4.jpg\",\"title\":\"Architektenkammer Berlin 2010\"}},{\"type\":\"grid_item\",\"props\":{\"image\":\"wp-content\\\/uploads\\\/2024\\\/09\\\/j_201016_3.jpg\",\"title\":\"Architektenkammer Berlin 2010\"}}]}]}]}],\"name\":\"Image-Grid\"},{\"type\":\"section\",\"props\":{\"image_position\":\"center-center\",\"style\":\"default\",\"title_breakpoint\":\"xl\",\"title_position\":\"top-left\",\"title_rotation\":\"left\",\"vertical_align\":\"\",\"width\":\"default\"},\"children\":[{\"type\":\"row\",\"children\":[{\"type\":\"column\",\"props\":{\"image_position\":\"center-center\",\"position_sticky_breakpoint\":\"m\"},\"children\":[{\"type\":\"html\",\"props\":{\"content\":\"<button onclick=\\\"goBack()\\\" class=\\\"uk-button uk-button-primary\\\" style=\\\"background-color: #fAfAfA; color: #111; border-color: transparent;\\\">Zur\\u00fcck zur \\u00dcbersicht<\\\/button>\",\"content_en_us\":\"<button onclick=\\\"goBack()\\\" class=\\\"uk-button uk-button-primary\\\" style=\\\"background-color: #fAfAfA; color: #111; border-color: transparent;\\\">Back to the overview<\\\/button>\",\"css\":\".el-element {\\ntext-align:center;\\n}\"}}]}]}],\"name\":\"Back to overview button\"}],\"version\":\"4.4.7\"} --><\/p>\n","protected":false},"excerpt":{"rendered":"<p>Berlin Chamber of Architects 2010 Redesign of the heart of the Chamber creates a welcoming location with a strong identity, using what could be described as minimally invasive surgery. Heritage preservation is thereby understood to mean not the uncompromising retention of all original features but rather a respectful approach that underscores their strengths. The sculptural [&hellip;]<\/p>\n","protected":false},"author":2,"featured_media":900,"comment_status":"open","ping_status":"open","sticky":false,"template":"","format":"standard","meta":{"footnotes":""},"categories":[18,13,36,11,19],"tags":[23,14,37,15,21],"class_list":["post-1850","post","type-post","status-publish","format-standard","has-post-thumbnail","hentry","category-buero","category-denkmal","category-interieur","category-kultur","category-privat","tag-buero","tag-denkmal","tag-interieur","tag-kultur","tag-privat"],"_links":{"self":[{"href":"https:\/\/gebhardt-architekt.com\/en\/wp-json\/wp\/v2\/posts\/1850","targetHints":{"allow":["GET"]}}],"collection":[{"href":"https:\/\/gebhardt-architekt.com\/en\/wp-json\/wp\/v2\/posts"}],"about":[{"href":"https:\/\/gebhardt-architekt.com\/en\/wp-json\/wp\/v2\/types\/post"}],"author":[{"embeddable":true,"href":"https:\/\/gebhardt-architekt.com\/en\/wp-json\/wp\/v2\/users\/2"}],"replies":[{"embeddable":true,"href":"https:\/\/gebhardt-architekt.com\/en\/wp-json\/wp\/v2\/comments?post=1850"}],"version-history":[{"count":4,"href":"https:\/\/gebhardt-architekt.com\/en\/wp-json\/wp\/v2\/posts\/1850\/revisions"}],"predecessor-version":[{"id":2297,"href":"https:\/\/gebhardt-architekt.com\/en\/wp-json\/wp\/v2\/posts\/1850\/revisions\/2297"}],"wp:featuredmedia":[{"embeddable":true,"href":"https:\/\/gebhardt-architekt.com\/en\/wp-json\/wp\/v2\/media\/900"}],"wp:attachment":[{"href":"https:\/\/gebhardt-architekt.com\/en\/wp-json\/wp\/v2\/media?parent=1850"}],"wp:term":[{"taxonomy":"category","embeddable":true,"href":"https:\/\/gebhardt-architekt.com\/en\/wp-json\/wp\/v2\/categories?post=1850"},{"taxonomy":"post_tag","embeddable":true,"href":"https:\/\/gebhardt-architekt.com\/en\/wp-json\/wp\/v2\/tags?post=1850"}],"curies":[{"name":"wp","href":"https:\/\/api.w.org\/{rel}","templated":true}]}}