{"id":1829,"date":"2024-09-24T22:58:26","date_gmt":"2024-09-24T20:58:26","guid":{"rendered":"https:\/\/wordpress.gebhardt-architekt.com\/?p=1829"},"modified":"2024-09-25T01:51:57","modified_gmt":"2024-09-24T23:51:57","slug":"haus-h-kassel","status":"publish","type":"post","link":"https:\/\/gebhardt-architekt.com\/en\/2024\/09\/24\/haus-h-kassel\/","title":{"rendered":"House H, Kassel 2009"},"content":{"rendered":"<p><img decoding=\"async\" src=\"\/wp-content\/uploads\/2024\/09\/j_200905.jpg\" alt=\"Haus H, Kassel\"><\/p>\n<h1><span data-contrast=\"auto\" xml:lang=\"UK\" lang=\"UK\" class=\"TextRun SCXW260476868 BCX8\"><span class=\"NormalTextRun SCXW260476868 BCX8\">Haus H, Kassel 2009<\/span><\/span><\/h1>\n<div>\n<p><span data-contrast=\"auto\">Das 1912 erbaute Einfamilienhaus steht unter Denkmalschutz und wird denkmalgerecht umgebaut und saniert.<\/span><span data-ccp-props=\"{&quot;201341983&quot;:0,&quot;335559737&quot;:2797,&quot;335559740&quot;:276}\">\u00a0<\/span><\/p>\n<p><span data-contrast=\"auto\">Neben dem Austausch der Fenster nach historischem Vorbild werden der G\u00e4stebereich, die B\u00e4der und die K\u00fcche umgebaut, eine Dachterrasse erg\u00e4nzt sowie eine energetische Verbesserung realisiert.<\/span><span data-ccp-props=\"{&quot;201341983&quot;:0,&quot;335559737&quot;:2797,&quot;335559740&quot;:276}\">\u00a0<\/span><\/p>\n<p><span data-contrast=\"auto\">Team<\/span><span data-contrast=\"auto\">: Dipl.-Ing. W<\/span><span data-contrast=\"auto\">.<\/span><span data-contrast=\"auto\"> Wa\u00dfmuth, Dipl.-Ing. B<\/span><span data-contrast=\"auto\">.<\/span><span data-contrast=\"auto\"> Kn\u00f6pper<\/span><span data-ccp-props=\"{&quot;201341983&quot;:0,&quot;335559737&quot;:2797,&quot;335559740&quot;:276}\">\u00a0<\/span><\/p>\n<\/div>\n<div>\n<p><img decoding=\"async\" src=\"\/wp-content\/uploads\/2024\/09\/j_200905_2.jpg\" alt=\"\"><\/p>\n<h3>Haus H, Kassel<\/h3>\n<\/div>\n<div>\n<p>    <button onclick=\"goBack()\" class=\"uk-button uk-button-primary\" style=\"background-color: #fAfAfA; color: #111; border-color: transparent;\">Zur\u00fcck zur \u00dcbersicht<\/button>\n<\/div>\n<p><!--more--><br \/>\n<!-- {\"type\":\"layout\",\"children\":[{\"type\":\"section\",\"props\":{\"image_position\":\"center-center\",\"padding_remove_top\":true,\"style\":\"default\",\"title_breakpoint\":\"xl\",\"title_position\":\"top-left\",\"title_rotation\":\"left\",\"vertical_align\":\"\",\"width\":\"default\"},\"children\":[{\"type\":\"row\",\"children\":[{\"type\":\"column\",\"props\":{\"image_position\":\"center-center\",\"position_sticky_breakpoint\":\"m\"},\"children\":[{\"type\":\"image\",\"props\":{\"image\":\"wp-content\\\/uploads\\\/2024\\\/09\\\/j_200905.jpg\",\"image_alt\":\"Haus H, Kassel\",\"image_svg_color\":\"emphasis\",\"image_width\":\"1759\",\"margin\":\"default\"}},{\"type\":\"headline\",\"props\":{\"content\":\"<span data-contrast=\\\"auto\\\" xml:lang=\\\"UK\\\" lang=\\\"UK\\\" class=\\\"TextRun SCXW260476868 BCX8\\\"><span class=\\\"NormalTextRun SCXW260476868 BCX8\\\">Haus H, Kassel 2009<\\\/span><\\\/span>\",\"content_en_us\":\"<span data-contrast=\\\"auto\\\" xml:lang=\\\"UK\\\" lang=\\\"UK\\\" class=\\\"TextRun SCXW260476868 BCX8\\\"><span class=\\\"NormalTextRun SCXW260476868 BCX8\\\">House H, Kassel 2009<\\\/span><\\\/span>\",\"css\":\".el-element, .el-element p {\\nfont-size:25px; font-weight: 400; font-family: HermesFB-Regular !important;\\n}\",\"title_element\":\"h1\",\"title_style\":\"h2\"}},{\"type\":\"text\",\"props\":{\"column_breakpoint\":\"m\",\"content\":\"\n\n<p><span data-contrast=\\\"auto\\\">Das 1912 erbaute Einfamilienhaus steht unter Denkmalschutz und wird denkmalgerecht umgebaut und saniert.<\\\/span><span data-ccp-props=\\\"{&quot;201341983&quot;:0,&quot;335559737&quot;:2797,&quot;335559740&quot;:276}\\\">\\u00a0<\\\/span><\\\/p>\\n\n\n<p><span data-contrast=\\\"auto\\\">Neben dem Austausch der Fenster nach historischem Vorbild werden der G\\u00e4stebereich, die B\\u00e4der und die K\\u00fcche umgebaut, eine Dachterrasse erg\\u00e4nzt sowie eine energetische Verbesserung realisiert.<\\\/span><span data-ccp-props=\\\"{&quot;201341983&quot;:0,&quot;335559737&quot;:2797,&quot;335559740&quot;:276}\\\">\\u00a0<\\\/span><\\\/p>\\n\n\n<p><span data-contrast=\\\"auto\\\">Team<\\\/span><span data-contrast=\\\"auto\\\">: Dipl.-Ing. W<\\\/span><span data-contrast=\\\"auto\\\">.<\\\/span><span data-contrast=\\\"auto\\\"> Wa\\u00dfmuth, Dipl.-Ing. B<\\\/span><span data-contrast=\\\"auto\\\">.<\\\/span><span data-contrast=\\\"auto\\\"> Kn\\u00f6pper<\\\/span><span data-ccp-props=\\\"{&quot;201341983&quot;:0,&quot;335559737&quot;:2797,&quot;335559740&quot;:276}\\\">\\u00a0<\\\/span><\\\/p>\",\"content_en_us\":\"\n\n<p><span data-contrast=\\\"none\\\">The detached family home from 1912 is a listed building and has therefore to be converted and modernized in line with current conservation guidelines. Besides new windows in the original style, planning foresees a conversion of the guest rooms, bathrooms and kitchen. extension of the roof terrace, and measures to increase energy efficiency.<\\\/span><span data-ccp-props=\\\"{&quot;201341983&quot;:0,&quot;335559737&quot;:2792,&quot;335559740&quot;:276}\\\">\\u00a0<\\\/span><\\\/p>\\n\n\n<p><span data-contrast=\\\"auto\\\">Team<\\\/span><span data-contrast=\\\"auto\\\">: Dipl.-Ing. W<\\\/span><span data-contrast=\\\"auto\\\">.<\\\/span><span data-contrast=\\\"auto\\\"> Wa\\u00dfmuth, Dipl.-Ing. B<\\\/span><span data-contrast=\\\"auto\\\">.<\\\/span><span data-contrast=\\\"auto\\\"> Kn\\u00f6pper<\\\/span><span data-ccp-props=\\\"{&quot;201341983&quot;:0,&quot;335559737&quot;:2797,&quot;335559740&quot;:276}\\\">\\u00a0<\\\/span><\\\/p>\",\"margin\":\"default\"}}]}]}],\"name\":\"Header image + headline + text | DE & EN\"},{\"type\":\"section\",\"props\":{\"image_position\":\"center-center\",\"style\":\"default\",\"title_breakpoint\":\"xl\",\"title_position\":\"top-left\",\"title_rotation\":\"left\",\"vertical_align\":\"\",\"width\":\"default\"},\"children\":[{\"type\":\"row\",\"children\":[{\"type\":\"column\",\"props\":{\"image_position\":\"center-center\",\"position_sticky_breakpoint\":\"m\"},\"children\":[{\"type\":\"grid\",\"props\":{\"content_column_breakpoint\":\"m\",\"css\":\".el-title {\\nfont-size:15px;\\n}\\n\\n.el-image {\\nmax-height:900px;\\nwidth:auto;\\n}\",\"filter_align\":\"left\",\"filter_all\":true,\"filter_grid_breakpoint\":\"m\",\"filter_grid_width\":\"auto\",\"filter_position\":\"top\",\"filter_style\":\"tab\",\"grid_column_align\":true,\"grid_default\":\"1\",\"grid_masonry\":\"pack\",\"grid_medium\":\"1\",\"grid_row_align\":true,\"icon_width\":80,\"image_align\":\"top\",\"image_grid_breakpoint\":\"m\",\"image_grid_width\":\"1-2\",\"image_link\":true,\"image_svg_color\":\"emphasis\",\"item_animation\":true,\"lightbox\":true,\"lightbox_image_orientation\":true,\"link_style\":\"default\",\"link_text\":\"\",\"margin\":\"default\",\"meta_align\":\"below-title\",\"meta_element\":\"div\",\"meta_style\":\"text-meta\",\"panel_link\":true,\"show_content\":true,\"show_image\":true,\"show_link\":true,\"show_meta\":true,\"show_title\":false,\"text_align\":\"center\",\"title_align\":\"top\",\"title_element\":\"h3\",\"title_grid_breakpoint\":\"m\",\"title_grid_width\":\"1-2\",\"title_hover_style\":\"reset\"},\"children\":[{\"type\":\"grid_item\",\"props\":{\"image\":\"wp-content\\\/uploads\\\/2024\\\/09\\\/j_200905_2.jpg\",\"title\":\"Haus H, Kassel\"}}]}]}]}],\"name\":\"Image-Grid\"},{\"type\":\"section\",\"props\":{\"image_position\":\"center-center\",\"style\":\"default\",\"title_breakpoint\":\"xl\",\"title_position\":\"top-left\",\"title_rotation\":\"left\",\"vertical_align\":\"\",\"width\":\"default\"},\"children\":[{\"type\":\"row\",\"children\":[{\"type\":\"column\",\"props\":{\"image_position\":\"center-center\",\"position_sticky_breakpoint\":\"m\"},\"children\":[{\"type\":\"html\",\"props\":{\"content\":\"<button onclick=\\\"goBack()\\\" class=\\\"uk-button uk-button-primary\\\" style=\\\"background-color: #fAfAfA; color: #111; border-color: transparent;\\\">Zur\\u00fcck zur \\u00dcbersicht<\\\/button>\",\"content_en_us\":\"<button onclick=\\\"goBack()\\\" class=\\\"uk-button uk-button-primary\\\" style=\\\"background-color: #fAfAfA; color: #111; border-color: transparent;\\\">Back to the overview<\\\/button>\",\"css\":\".el-element {\\ntext-align:center;\\n}\"}}]}]}],\"name\":\"Back to overview button\"}],\"version\":\"4.4.7\"} --><\/p>\n","protected":false},"excerpt":{"rendered":"<p>Haus H, Kassel 2009 Das 1912 erbaute Einfamilienhaus steht unter Denkmalschutz und wird denkmalgerecht umgebaut und saniert.\u00a0 Neben dem Austausch der Fenster nach historischem Vorbild werden der G\u00e4stebereich, die B\u00e4der und die K\u00fcche umgebaut, eine Dachterrasse erg\u00e4nzt sowie eine energetische Verbesserung realisiert.\u00a0 Team: Dipl.-Ing. W. Wa\u00dfmuth, Dipl.-Ing. B. Kn\u00f6pper\u00a0 Haus H, Kassel Zur\u00fcck zur \u00dcbersicht<\/p>\n","protected":false},"author":2,"featured_media":807,"comment_status":"open","ping_status":"open","sticky":false,"template":"","format":"standard","meta":{"footnotes":""},"categories":[13,19,10],"tags":[14,21,9],"class_list":["post-1829","post","type-post","status-publish","format-standard","has-post-thumbnail","hentry","category-denkmal","category-privat","category-wohnen","tag-denkmal","tag-privat","tag-wohnen"],"_links":{"self":[{"href":"https:\/\/gebhardt-architekt.com\/en\/wp-json\/wp\/v2\/posts\/1829","targetHints":{"allow":["GET"]}}],"collection":[{"href":"https:\/\/gebhardt-architekt.com\/en\/wp-json\/wp\/v2\/posts"}],"about":[{"href":"https:\/\/gebhardt-architekt.com\/en\/wp-json\/wp\/v2\/types\/post"}],"author":[{"embeddable":true,"href":"https:\/\/gebhardt-architekt.com\/en\/wp-json\/wp\/v2\/users\/2"}],"replies":[{"embeddable":true,"href":"https:\/\/gebhardt-architekt.com\/en\/wp-json\/wp\/v2\/comments?post=1829"}],"version-history":[{"count":4,"href":"https:\/\/gebhardt-architekt.com\/en\/wp-json\/wp\/v2\/posts\/1829\/revisions"}],"predecessor-version":[{"id":1924,"href":"https:\/\/gebhardt-architekt.com\/en\/wp-json\/wp\/v2\/posts\/1829\/revisions\/1924"}],"wp:featuredmedia":[{"embeddable":true,"href":"https:\/\/gebhardt-architekt.com\/en\/wp-json\/wp\/v2\/media\/807"}],"wp:attachment":[{"href":"https:\/\/gebhardt-architekt.com\/en\/wp-json\/wp\/v2\/media?parent=1829"}],"wp:term":[{"taxonomy":"category","embeddable":true,"href":"https:\/\/gebhardt-architekt.com\/en\/wp-json\/wp\/v2\/categories?post=1829"},{"taxonomy":"post_tag","embeddable":true,"href":"https:\/\/gebhardt-architekt.com\/en\/wp-json\/wp\/v2\/tags?post=1829"}],"curies":[{"name":"wp","href":"https:\/\/api.w.org\/{rel}","templated":true}]}}