{"id":1811,"date":"2024-09-24T22:38:06","date_gmt":"2024-09-24T20:38:06","guid":{"rendered":"https:\/\/wordpress.gebhardt-architekt.com\/?p=1811"},"modified":"2025-01-20T17:57:20","modified_gmt":"2025-01-20T16:57:20","slug":"mehrfamilienhaus-eppendorfer-landstrasse-hamburg","status":"publish","type":"post","link":"https:\/\/gebhardt-architekt.com\/en\/2024\/09\/24\/mehrfamilienhaus-eppendorfer-landstrasse-hamburg\/","title":{"rendered":"Apartment house Eppendorfer Landstra\u00dfe, Hamburg 2005 "},"content":{"rendered":"<p><img decoding=\"async\" src=\"\/wp-content\/uploads\/2024\/09\/j_200910.jpg\" alt=\"Mehrfamilienhaus Eppendorfer Landstra\u00dfe, Hamburg\u00a0\"><\/p>\n<h1>Mehrfamilienhaus Eppendorfer Landstra\u00dfe, Hamburg 2005<\/h1>\n<div>\n<p><span data-contrast=\"auto\">Die Parzellengr\u00f6\u00dfen und die Gliederung der Gr\u00fcnderzeitnachbarn durch Balkone und vertikale \u00d6ffnungsformate erfahren in diesem Geb\u00e4ude eine zeitgem\u00e4\u00dfe Interpretation.<\/span><span data-ccp-props=\"{&quot;201341983&quot;:0,&quot;335559737&quot;:2797,&quot;335559740&quot;:276}\">\u00a0<\/span><\/p>\n<p><span data-contrast=\"auto\">In Arge mit <\/span><span data-contrast=\"auto\">H<\/span><span data-contrast=\"auto\">einer Gietmann Architekt<\/span><span data-ccp-props=\"{&quot;201341983&quot;:0,&quot;335559737&quot;:2797,&quot;335559740&quot;:276}\">\u00a0<\/span><\/p>\n<p><span data-contrast=\"auto\">Team: Dipl.-Ing. H<\/span><span data-contrast=\"auto\">.<\/span><span data-contrast=\"auto\"> Henningsen, Dipl.-Ing. G<\/span><span data-contrast=\"auto\">.<\/span><span data-contrast=\"auto\"> Schittek, Dipl.-Ing. B<\/span><span data-contrast=\"auto\">.<\/span><span data-contrast=\"auto\"> Aschmann,\u00a0 Dipl.-Ing. W<\/span><span data-contrast=\"auto\">.<\/span><span data-contrast=\"auto\"> Wa\u00dfmuth<\/span><span data-ccp-props=\"{&quot;201341983&quot;:0,&quot;335559737&quot;:2797,&quot;335559740&quot;:276}\">\u00a0<\/span><\/p>\n<\/div>\n<ul>\n<li>\n<p><img decoding=\"async\" src=\"\/wp-content\/uploads\/2024\/09\/j_200910_2.jpg\" alt=\"\"><\/p>\n<h3>Mehrfamilienhaus Eppendorfer Landstra\u00dfe, Hamburg\u00a0<\/h3>\n<\/li>\n<li>\n<p><img decoding=\"async\" src=\"\/wp-content\/uploads\/2024\/09\/j_200910_3.jpg\" alt=\"\"><\/p>\n<h3>Mehrfamilienhaus Eppendorfer Landstra\u00dfe, Hamburg\u00a0<\/h3>\n<\/li>\n<li>\n<p><img decoding=\"async\" src=\"\/wp-content\/uploads\/2024\/09\/j_200910_4.jpg\" alt=\"\"><\/p>\n<h3>Mehrfamilienhaus Eppendorfer Landstra\u00dfe, Hamburg\u00a0<\/h3>\n<\/li>\n<\/ul>\n<div>\n<p>    <button onclick=\"goBack()\" class=\"uk-button uk-button-primary\" style=\"background-color: #fAfAfA; color: #111; border-color: transparent;\">Zur\u00fcck zur \u00dcbersicht<\/button>\n<\/div>\n<p><!--more--><br \/>\n<!-- {\"type\":\"layout\",\"children\":[{\"type\":\"section\",\"props\":{\"image_position\":\"center-center\",\"padding_remove_top\":true,\"style\":\"default\",\"title_breakpoint\":\"xl\",\"title_position\":\"top-left\",\"title_rotation\":\"left\",\"vertical_align\":\"\",\"width\":\"default\"},\"children\":[{\"type\":\"row\",\"children\":[{\"type\":\"column\",\"props\":{\"image_position\":\"center-center\",\"position_sticky_breakpoint\":\"m\"},\"children\":[{\"type\":\"image\",\"props\":{\"image\":\"wp-content\\\/uploads\\\/2024\\\/09\\\/j_200910.jpg\",\"image_alt\":\"Mehrfamilienhaus Eppendorfer Landstra\\u00dfe, Hamburg\\u00a0\",\"image_svg_color\":\"emphasis\",\"image_width\":\"1759\",\"margin\":\"default\"}},{\"type\":\"headline\",\"props\":{\"content\":\"Mehrfamilienhaus Eppendorfer Landstra\\u00dfe, Hamburg 2005\",\"content_en_us\":\"<span data-contrast=\\\"none\\\" xml:lang=\\\"EN-GB\\\" lang=\\\"EN-GB\\\" class=\\\"TextRun SCXW93043401 BCX8\\\"><span class=\\\"NormalTextRun SCXW93043401 BCX8\\\">Apartment house <\\\/span><span class=\\\"SpellingError SCXW93043401 BCX8\\\">Eppendorfer<\\\/span><span class=\\\"NormalTextRun SCXW93043401 BCX8\\\"> <\\\/span><span class=\\\"SpellingError SCXW93043401 BCX8\\\">Landstra\\u00dfe<\\\/span><span class=\\\"NormalTextRun SCXW93043401 BCX8\\\">, Hamburg 2005<\\\/span><\\\/span><span class=\\\"EOP SCXW93043401 BCX8\\\" data-ccp-props=\\\"{&quot;201341983&quot;:0,&quot;335559737&quot;:2792,&quot;335559740&quot;:276}\\\">\\u00a0<\\\/span>\",\"css\":\".el-element, .el-element p {\\nfont-size:25px; font-weight: 400; font-family: HermesFB-Regular !important;\\n}\",\"title_element\":\"h1\",\"title_style\":\"h2\"}},{\"type\":\"text\",\"props\":{\"column_breakpoint\":\"m\",\"content\":\"\n\n<p><span data-contrast=\\\"auto\\\">Die Parzellengr\\u00f6\\u00dfen und die Gliederung der Gr\\u00fcnderzeitnachbarn durch Balkone und vertikale \\u00d6ffnungsformate erfahren in diesem Geb\\u00e4ude eine zeitgem\\u00e4\\u00dfe Interpretation.<\\\/span><span data-ccp-props=\\\"{&quot;201341983&quot;:0,&quot;335559737&quot;:2797,&quot;335559740&quot;:276}\\\">\\u00a0<\\\/span><\\\/p>\\n\n\n<p><span data-contrast=\\\"auto\\\">In Arge mit <\\\/span><span data-contrast=\\\"auto\\\">H<\\\/span><span data-contrast=\\\"auto\\\">einer Gietmann Architekt<\\\/span><span data-ccp-props=\\\"{&quot;201341983&quot;:0,&quot;335559737&quot;:2797,&quot;335559740&quot;:276}\\\">\\u00a0<\\\/span><\\\/p>\\n\n\n<p><span data-contrast=\\\"auto\\\">Team: Dipl.-Ing. H<\\\/span><span data-contrast=\\\"auto\\\">.<\\\/span><span data-contrast=\\\"auto\\\"> Henningsen, Dipl.-Ing. G<\\\/span><span data-contrast=\\\"auto\\\">.<\\\/span><span data-contrast=\\\"auto\\\"> Schittek, Dipl.-Ing. B<\\\/span><span data-contrast=\\\"auto\\\">.<\\\/span><span data-contrast=\\\"auto\\\"> Aschmann,\\u00a0 Dipl.-Ing. W<\\\/span><span data-contrast=\\\"auto\\\">.<\\\/span><span data-contrast=\\\"auto\\\"> Wa\\u00dfmuth<\\\/span><span data-ccp-props=\\\"{&quot;201341983&quot;:0,&quot;335559737&quot;:2797,&quot;335559740&quot;:276}\\\">\\u00a0<\\\/span><\\\/p>\",\"content_en_us\":\"\n\n<p><span data-contrast=\\\"none\\\">To envisage is a gold-colored metal facade for 9, two-to-four-bedroom apartments, as well as two integrated town houses with underground parking.<\\\/span><span data-ccp-props=\\\"{&quot;201341983&quot;:0,&quot;335559737&quot;:2792,&quot;335559740&quot;:276}\\\">\\u00a0<\\\/span><\\\/p>\\n\n\n<p><span data-contrast=\\\"none\\\">In cooperation with Heiner Gietmann Architekt\\u00a0<\\\/span><span data-ccp-props=\\\"{&quot;201341983&quot;:0,&quot;335559737&quot;:2792,&quot;335559740&quot;:276}\\\">\\u00a0<\\\/span><\\\/p>\\n\n\n<p><span data-contrast=\\\"auto\\\">Team: Dipl.-Ing. H<\\\/span><span data-contrast=\\\"auto\\\">.<\\\/span><span data-contrast=\\\"auto\\\"> Henningsen, Dipl.-Ing. G<\\\/span><span data-contrast=\\\"auto\\\">.<\\\/span><span data-contrast=\\\"auto\\\"> Schittek,\\u00a0<\\\/span><span data-contrast=\\\"auto\\\">Dipl.-Ing. B<\\\/span><span data-contrast=\\\"auto\\\">.<\\\/span><span data-contrast=\\\"auto\\\"> Aschmann,\\u00a0 Dipl.-Ing. W<\\\/span><span data-contrast=\\\"auto\\\">.<\\\/span><span data-contrast=\\\"auto\\\"> Wa\\u00dfmuth<\\\/span><span data-ccp-props=\\\"{&quot;201341983&quot;:0,&quot;335559737&quot;:2797,&quot;335559740&quot;:276}\\\">\\u00a0<\\\/span><\\\/p>\",\"margin\":\"default\"}}]}]}],\"name\":\"Header image + headline + text | DE & EN\"},{\"type\":\"section\",\"props\":{\"image_position\":\"center-center\",\"style\":\"default\",\"title_breakpoint\":\"xl\",\"title_position\":\"top-left\",\"title_rotation\":\"left\",\"vertical_align\":\"\",\"width\":\"default\"},\"children\":[{\"type\":\"row\",\"children\":[{\"type\":\"column\",\"props\":{\"image_position\":\"center-center\",\"position_sticky_breakpoint\":\"m\"},\"children\":[{\"type\":\"grid\",\"props\":{\"content_column_breakpoint\":\"m\",\"css\":\".el-title {\\nfont-size:15px;\\n}\\n\\n.el-image {\\nmax-height:900px;\\nwidth:auto;\\n}\",\"filter_align\":\"left\",\"filter_all\":true,\"filter_grid_breakpoint\":\"m\",\"filter_grid_width\":\"auto\",\"filter_position\":\"top\",\"filter_style\":\"tab\",\"grid_column_align\":true,\"grid_default\":\"1\",\"grid_masonry\":\"pack\",\"grid_medium\":\"1\",\"grid_row_align\":true,\"icon_width\":80,\"image_align\":\"top\",\"image_grid_breakpoint\":\"m\",\"image_grid_width\":\"1-2\",\"image_link\":true,\"image_svg_color\":\"emphasis\",\"item_animation\":true,\"lightbox\":true,\"lightbox_image_orientation\":true,\"link_style\":\"default\",\"link_text\":\"\",\"margin\":\"default\",\"meta_align\":\"below-title\",\"meta_element\":\"div\",\"meta_style\":\"text-meta\",\"panel_link\":true,\"show_content\":true,\"show_image\":true,\"show_link\":true,\"show_meta\":true,\"show_title\":false,\"text_align\":\"center\",\"title_align\":\"top\",\"title_element\":\"h3\",\"title_grid_breakpoint\":\"m\",\"title_grid_width\":\"1-2\",\"title_hover_style\":\"reset\"},\"children\":[{\"type\":\"grid_item\",\"props\":{\"image\":\"wp-content\\\/uploads\\\/2024\\\/09\\\/j_200910_2.jpg\",\"title\":\"Mehrfamilienhaus Eppendorfer Landstra\\u00dfe, Hamburg\\u00a0\"}},{\"type\":\"grid_item\",\"props\":{\"image\":\"wp-content\\\/uploads\\\/2024\\\/09\\\/j_200910_3.jpg\",\"title\":\"Mehrfamilienhaus Eppendorfer Landstra\\u00dfe, Hamburg\\u00a0\"}},{\"type\":\"grid_item\",\"props\":{\"image\":\"wp-content\\\/uploads\\\/2024\\\/09\\\/j_200910_4.jpg\",\"title\":\"Mehrfamilienhaus Eppendorfer Landstra\\u00dfe, Hamburg\\u00a0\"}}]}]}]}],\"name\":\"Image-Grid\"},{\"type\":\"section\",\"props\":{\"image_position\":\"center-center\",\"style\":\"default\",\"title_breakpoint\":\"xl\",\"title_position\":\"top-left\",\"title_rotation\":\"left\",\"vertical_align\":\"\",\"width\":\"default\"},\"children\":[{\"type\":\"row\",\"children\":[{\"type\":\"column\",\"props\":{\"image_position\":\"center-center\",\"position_sticky_breakpoint\":\"m\"},\"children\":[{\"type\":\"html\",\"props\":{\"content\":\"<button onclick=\\\"goBack()\\\" class=\\\"uk-button uk-button-primary\\\" style=\\\"background-color: #fAfAfA; color: #111; border-color: transparent;\\\">Zur\\u00fcck zur \\u00dcbersicht<\\\/button>\",\"content_en_us\":\"<button onclick=\\\"goBack()\\\" class=\\\"uk-button uk-button-primary\\\" style=\\\"background-color: #fAfAfA; color: #111; border-color: transparent;\\\">Back to the overview<\\\/button>\",\"css\":\".el-element {\\ntext-align:center;\\n}\"}}]}]}],\"name\":\"Back to overview button\"}],\"version\":\"4.4.7\"} --><\/p>\n","protected":false},"excerpt":{"rendered":"<p>Mehrfamilienhaus Eppendorfer Landstra\u00dfe, Hamburg 2005 Die Parzellengr\u00f6\u00dfen und die Gliederung der Gr\u00fcnderzeitnachbarn durch Balkone und vertikale \u00d6ffnungsformate erfahren in diesem Geb\u00e4ude eine zeitgem\u00e4\u00dfe Interpretation.\u00a0 In Arge mit Heiner Gietmann Architekt\u00a0 Team: Dipl.-Ing. H. Henningsen, Dipl.-Ing. G. Schittek, Dipl.-Ing. B. Aschmann,\u00a0 Dipl.-Ing. W. Wa\u00dfmuth\u00a0 Mehrfamilienhaus Eppendorfer Landstra\u00dfe, Hamburg\u00a0 Mehrfamilienhaus Eppendorfer Landstra\u00dfe, Hamburg\u00a0 Mehrfamilienhaus Eppendorfer Landstra\u00dfe, Hamburg\u00a0 [&hellip;]<\/p>\n","protected":false},"author":2,"featured_media":818,"comment_status":"open","ping_status":"open","sticky":false,"template":"","format":"standard","meta":{"footnotes":""},"categories":[19,10],"tags":[21,9],"class_list":["post-1811","post","type-post","status-publish","format-standard","has-post-thumbnail","hentry","category-privat","category-wohnen","tag-privat","tag-wohnen"],"_links":{"self":[{"href":"https:\/\/gebhardt-architekt.com\/en\/wp-json\/wp\/v2\/posts\/1811","targetHints":{"allow":["GET"]}}],"collection":[{"href":"https:\/\/gebhardt-architekt.com\/en\/wp-json\/wp\/v2\/posts"}],"about":[{"href":"https:\/\/gebhardt-architekt.com\/en\/wp-json\/wp\/v2\/types\/post"}],"author":[{"embeddable":true,"href":"https:\/\/gebhardt-architekt.com\/en\/wp-json\/wp\/v2\/users\/2"}],"replies":[{"embeddable":true,"href":"https:\/\/gebhardt-architekt.com\/en\/wp-json\/wp\/v2\/comments?post=1811"}],"version-history":[{"count":5,"href":"https:\/\/gebhardt-architekt.com\/en\/wp-json\/wp\/v2\/posts\/1811\/revisions"}],"predecessor-version":[{"id":1931,"href":"https:\/\/gebhardt-architekt.com\/en\/wp-json\/wp\/v2\/posts\/1811\/revisions\/1931"}],"wp:featuredmedia":[{"embeddable":true,"href":"https:\/\/gebhardt-architekt.com\/en\/wp-json\/wp\/v2\/media\/818"}],"wp:attachment":[{"href":"https:\/\/gebhardt-architekt.com\/en\/wp-json\/wp\/v2\/media?parent=1811"}],"wp:term":[{"taxonomy":"category","embeddable":true,"href":"https:\/\/gebhardt-architekt.com\/en\/wp-json\/wp\/v2\/categories?post=1811"},{"taxonomy":"post_tag","embeddable":true,"href":"https:\/\/gebhardt-architekt.com\/en\/wp-json\/wp\/v2\/tags?post=1811"}],"curies":[{"name":"wp","href":"https:\/\/api.w.org\/{rel}","templated":true}]}}