{"id":1804,"date":"2024-09-24T01:33:26","date_gmt":"2024-09-23T23:33:26","guid":{"rendered":"https:\/\/wordpress.gebhardt-architekt.com\/?p=1804"},"modified":"2025-01-17T01:40:06","modified_gmt":"2025-01-17T00:40:06","slug":"generationenwohnen-itzehoe","status":"publish","type":"post","link":"https:\/\/gebhardt-architekt.com\/en\/2024\/09\/24\/generationenwohnen-itzehoe\/","title":{"rendered":"Intergenerational living, Itzehoe"},"content":{"rendered":"<p><img decoding=\"async\" src=\"\/wp-content\/uploads\/2024\/09\/j_200912.jpg\" alt=\"Generationenwohnen, Itzehoe\"><\/p>\n<h1><span data-contrast=\"auto\" xml:lang=\"UK\" lang=\"UK\" class=\"TextRun SCXW32642978 BCX8\"><span class=\"NormalTextRun SCXW32642978 BCX8\">Generationenwohnen, Itzehoe<\/span><\/span><\/h1>\n<div>\n<p><span data-contrast=\"auto\">Verdichtete Einzelh\u00e4user sollen die barrierearme Flexibilit\u00e4t erhalten sich den innerhalb\u00a0 eines Lebenszyklus ver\u00e4ndernden Anforderungen einer Familie anpassen zu k\u00f6nnen. Aus dem r\u00fcckw\u00e4rtigen Erdgeschossbereich l\u00e4sst sich mit separatem Zugang ohne gro\u00dfe Umbau arbeiten ein B\u00fcro, ein Wellnessbereich, ein Altenteil oder eine Einliegerwohnung f\u00fcr erwachsene Kinder erstellen.<\/span><span data-ccp-props=\"{&quot;201341983&quot;:0,&quot;335559737&quot;:2797,&quot;335559740&quot;:276,&quot;469777462&quot;:[6120],&quot;469777927&quot;:[0],&quot;469777928&quot;:[1]}\">\u00a0<\/span><\/p>\n<p><span data-contrast=\"auto\">Team: Dipl.-Ing. H<\/span><span data-contrast=\"auto\">.\u00a0<\/span><span data-contrast=\"auto\"> Henningsen, Dipl.-Ing. W<\/span><span data-contrast=\"auto\">.<\/span><span data-contrast=\"auto\"> Wa\u00dfmuth,\u00a0<\/span><span data-contrast=\"auto\">Dipl.-Ing. G<\/span><span data-contrast=\"auto\">.<\/span><span data-contrast=\"auto\"> Schittek<\/span><span data-ccp-props=\"{&quot;201341983&quot;:0,&quot;335559737&quot;:2797,&quot;335559740&quot;:276}\">\u00a0<\/span><\/p>\n<\/div>\n<div>\n<p><img decoding=\"async\" src=\"\/wp-content\/uploads\/2024\/09\/j_200912_2.jpg\" alt=\"\"><\/p>\n<h3>Generationenwohnen, Itzehoe<\/h3>\n<\/div>\n<div>\n<p>    <button onclick=\"goBack()\" class=\"uk-button uk-button-primary\" style=\"background-color: #fAfAfA; color: #111; border-color: transparent;\">Zur\u00fcck zur \u00dcbersicht<\/button>\n<\/div>\n<p><!--more--><br \/>\n<!-- {\"type\":\"layout\",\"children\":[{\"type\":\"section\",\"props\":{\"image_position\":\"center-center\",\"padding_remove_top\":true,\"style\":\"default\",\"title_breakpoint\":\"xl\",\"title_position\":\"top-left\",\"title_rotation\":\"left\",\"vertical_align\":\"\",\"width\":\"default\"},\"children\":[{\"type\":\"row\",\"children\":[{\"type\":\"column\",\"props\":{\"image_position\":\"center-center\",\"position_sticky_breakpoint\":\"m\"},\"children\":[{\"type\":\"image\",\"props\":{\"image\":\"wp-content\\\/uploads\\\/2024\\\/09\\\/j_200912.jpg\",\"image_alt\":\"Generationenwohnen, Itzehoe\",\"image_svg_color\":\"emphasis\",\"image_width\":\"1759\",\"margin\":\"default\"}},{\"type\":\"headline\",\"props\":{\"content\":\"<span data-contrast=\\\"auto\\\" xml:lang=\\\"UK\\\" lang=\\\"UK\\\" class=\\\"TextRun SCXW32642978 BCX8\\\"><span class=\\\"NormalTextRun SCXW32642978 BCX8\\\">Generationenwohnen, Itzehoe<\\\/span><\\\/span>\",\"content_en_us\":\"<span _d-id=\\\"145\\\" class=\\\"--l --r hover:bg-[#B4DAE8] hover:dark:bg-blue-next-600\\\">Intergenerational<\\\/span><span> <\\\/span><span _d-id=\\\"149\\\" class=\\\"--l --r hover:bg-[#B4DAE8] hover:dark:bg-blue-next-600\\\">living<\\\/span><span _d-id=\\\"152\\\" class=\\\"--l --r hover:bg-[#B4DAE8] hover:dark:bg-blue-next-600\\\">,<\\\/span><span> <\\\/span><span _d-id=\\\"156\\\" class=\\\"--l --r hover:bg-[#B4DAE8] hover:dark:bg-blue-next-600\\\">Itzehoe<\\\/span>\",\"css\":\".el-element, .el-element p {\\nfont-size:25px; font-weight: 400; font-family: HermesFB-Regular !important;\\n}\",\"title_element\":\"h1\",\"title_style\":\"h2\"}},{\"type\":\"text\",\"props\":{\"column_breakpoint\":\"m\",\"content\":\"\n\n<p><span data-contrast=\\\"auto\\\">Verdichtete Einzelh\\u00e4user sollen die barrierearme Flexibilit\\u00e4t erhalten sich den innerhalb\\u00a0 eines Lebenszyklus ver\\u00e4ndernden Anforderungen einer Familie anpassen zu k\\u00f6nnen. Aus dem r\\u00fcckw\\u00e4rtigen Erdgeschossbereich l\\u00e4sst sich mit separatem Zugang ohne gro\\u00dfe Umbau arbeiten ein B\\u00fcro, ein Wellnessbereich, ein Altenteil oder eine Einliegerwohnung f\\u00fcr erwachsene Kinder erstellen.<\\\/span><span data-ccp-props=\\\"{&quot;201341983&quot;:0,&quot;335559737&quot;:2797,&quot;335559740&quot;:276,&quot;469777462&quot;:[6120],&quot;469777927&quot;:[0],&quot;469777928&quot;:[1]}\\\">\\u00a0<\\\/span><\\\/p>\\n\n\n<p><span data-contrast=\\\"auto\\\">Team: Dipl.-Ing. H<\\\/span><span data-contrast=\\\"auto\\\">.\\u00a0<\\\/span><span data-contrast=\\\"auto\\\"> Henningsen, Dipl.-Ing. W<\\\/span><span data-contrast=\\\"auto\\\">.<\\\/span><span data-contrast=\\\"auto\\\"> Wa\\u00dfmuth,\\u00a0<\\\/span><span data-contrast=\\\"auto\\\">Dipl.-Ing. G<\\\/span><span data-contrast=\\\"auto\\\">.<\\\/span><span data-contrast=\\\"auto\\\"> Schittek<\\\/span><span data-ccp-props=\\\"{&quot;201341983&quot;:0,&quot;335559737&quot;:2797,&quot;335559740&quot;:276}\\\">\\u00a0<\\\/span><\\\/p>\",\"content_en_us\":\"\n\n<p><span data-contrast=\\\"none\\\">These single family houses are equipped with the flexibility to adjust to the changing demands of families during a life cycle. Part of the first floor area can be used as office, wellness-area, as granny- or student-flat with a separat access without major structural alteration works.<\\\/span><span data-ccp-props=\\\"{&quot;201341983&quot;:0,&quot;335559737&quot;:2792,&quot;335559740&quot;:276}\\\">\\u00a0<\\\/span><\\\/p>\\n\n\n<p><span data-contrast=\\\"auto\\\">Team: Dipl.-Ing. H<\\\/span><span data-contrast=\\\"auto\\\">.\\u00a0<\\\/span><span data-contrast=\\\"auto\\\"> Henningsen, Dipl.-Ing. W<\\\/span><span data-contrast=\\\"auto\\\">.<\\\/span><span data-contrast=\\\"auto\\\"> Wa\\u00dfmuth, Dipl.-Ing. G<\\\/span><span data-contrast=\\\"auto\\\">.<\\\/span><span data-contrast=\\\"auto\\\"> Schittek<\\\/span><span data-ccp-props=\\\"{&quot;201341983&quot;:0,&quot;335559737&quot;:2797,&quot;335559740&quot;:276}\\\">\\u00a0<\\\/span><\\\/p>\",\"margin\":\"default\"}}]}]}],\"name\":\"Header image + headline + text | DE & EN\"},{\"type\":\"section\",\"props\":{\"image_position\":\"center-center\",\"style\":\"default\",\"title_breakpoint\":\"xl\",\"title_position\":\"top-left\",\"title_rotation\":\"left\",\"vertical_align\":\"\",\"width\":\"default\"},\"children\":[{\"type\":\"row\",\"children\":[{\"type\":\"column\",\"props\":{\"image_position\":\"center-center\",\"position_sticky_breakpoint\":\"m\"},\"children\":[{\"type\":\"grid\",\"props\":{\"content_column_breakpoint\":\"m\",\"css\":\".el-title {\\nfont-size:15px;\\n}\\n\\n.el-image {\\nmax-height:900px;\\nwidth:auto;\\n}\",\"filter_align\":\"left\",\"filter_all\":true,\"filter_grid_breakpoint\":\"m\",\"filter_grid_width\":\"auto\",\"filter_position\":\"top\",\"filter_style\":\"tab\",\"grid_column_align\":true,\"grid_default\":\"1\",\"grid_masonry\":\"pack\",\"grid_medium\":\"1\",\"grid_row_align\":true,\"icon_width\":80,\"image_align\":\"top\",\"image_grid_breakpoint\":\"m\",\"image_grid_width\":\"1-2\",\"image_link\":true,\"image_svg_color\":\"emphasis\",\"item_animation\":true,\"lightbox\":true,\"lightbox_image_orientation\":true,\"link_style\":\"default\",\"link_text\":\"\",\"margin\":\"default\",\"meta_align\":\"below-title\",\"meta_element\":\"div\",\"meta_style\":\"text-meta\",\"panel_link\":true,\"show_content\":true,\"show_image\":true,\"show_link\":true,\"show_meta\":true,\"show_title\":false,\"text_align\":\"center\",\"title_align\":\"top\",\"title_element\":\"h3\",\"title_grid_breakpoint\":\"m\",\"title_grid_width\":\"1-2\",\"title_hover_style\":\"reset\"},\"children\":[{\"type\":\"grid_item\",\"props\":{\"image\":\"wp-content\\\/uploads\\\/2024\\\/09\\\/j_200912_2.jpg\",\"title\":\"Generationenwohnen, Itzehoe\"}}]}]}]}],\"name\":\"Image-Grid\"},{\"type\":\"section\",\"props\":{\"image_position\":\"center-center\",\"style\":\"default\",\"title_breakpoint\":\"xl\",\"title_position\":\"top-left\",\"title_rotation\":\"left\",\"vertical_align\":\"\",\"width\":\"default\"},\"children\":[{\"type\":\"row\",\"children\":[{\"type\":\"column\",\"props\":{\"image_position\":\"center-center\",\"position_sticky_breakpoint\":\"m\"},\"children\":[{\"type\":\"html\",\"props\":{\"content\":\"<button onclick=\\\"goBack()\\\" class=\\\"uk-button uk-button-primary\\\" style=\\\"background-color: #fAfAfA; color: #111; border-color: transparent;\\\">Zur\\u00fcck zur \\u00dcbersicht<\\\/button>\",\"content_en_us\":\"<button onclick=\\\"goBack()\\\" class=\\\"uk-button uk-button-primary\\\" style=\\\"background-color: #fAfAfA; color: #111; border-color: transparent;\\\">Back to the overview<\\\/button>\",\"css\":\".el-element {\\ntext-align:center;\\n}\"}}]}]}],\"name\":\"Back to overview button\"}],\"version\":\"4.4.7\"} --><\/p>\n","protected":false},"excerpt":{"rendered":"<p>Intergenerational living, Itzehoe These single family houses are equipped with the flexibility to adjust to the changing demands of families during a life cycle. Part of the first floor area can be used as office, wellness-area, as granny- or student-flat with a separat access without major structural alteration works.\u00a0 Team: Dipl.-Ing. H.\u00a0 Henningsen, Dipl.-Ing. W. [&hellip;]<\/p>\n","protected":false},"author":2,"featured_media":830,"comment_status":"open","ping_status":"open","sticky":false,"template":"","format":"standard","meta":{"footnotes":""},"categories":[19,10],"tags":[21,9],"class_list":["post-1804","post","type-post","status-publish","format-standard","has-post-thumbnail","hentry","category-privat","category-wohnen","tag-privat","tag-wohnen"],"_links":{"self":[{"href":"https:\/\/gebhardt-architekt.com\/en\/wp-json\/wp\/v2\/posts\/1804","targetHints":{"allow":["GET"]}}],"collection":[{"href":"https:\/\/gebhardt-architekt.com\/en\/wp-json\/wp\/v2\/posts"}],"about":[{"href":"https:\/\/gebhardt-architekt.com\/en\/wp-json\/wp\/v2\/types\/post"}],"author":[{"embeddable":true,"href":"https:\/\/gebhardt-architekt.com\/en\/wp-json\/wp\/v2\/users\/2"}],"replies":[{"embeddable":true,"href":"https:\/\/gebhardt-architekt.com\/en\/wp-json\/wp\/v2\/comments?post=1804"}],"version-history":[{"count":4,"href":"https:\/\/gebhardt-architekt.com\/en\/wp-json\/wp\/v2\/posts\/1804\/revisions"}],"predecessor-version":[{"id":2270,"href":"https:\/\/gebhardt-architekt.com\/en\/wp-json\/wp\/v2\/posts\/1804\/revisions\/2270"}],"wp:featuredmedia":[{"embeddable":true,"href":"https:\/\/gebhardt-architekt.com\/en\/wp-json\/wp\/v2\/media\/830"}],"wp:attachment":[{"href":"https:\/\/gebhardt-architekt.com\/en\/wp-json\/wp\/v2\/media?parent=1804"}],"wp:term":[{"taxonomy":"category","embeddable":true,"href":"https:\/\/gebhardt-architekt.com\/en\/wp-json\/wp\/v2\/categories?post=1804"},{"taxonomy":"post_tag","embeddable":true,"href":"https:\/\/gebhardt-architekt.com\/en\/wp-json\/wp\/v2\/tags?post=1804"}],"curies":[{"name":"wp","href":"https:\/\/api.w.org\/{rel}","templated":true}]}}