{"id":1789,"date":"2024-09-24T01:13:51","date_gmt":"2024-09-23T23:13:51","guid":{"rendered":"https:\/\/wordpress.gebhardt-architekt.com\/?p=1789"},"modified":"2025-01-20T13:53:34","modified_gmt":"2025-01-20T12:53:34","slug":"calmannpalais-hamburg-2006","status":"publish","type":"post","link":"https:\/\/gebhardt-architekt.com\/en\/2024\/09\/24\/calmannpalais-hamburg-2006\/","title":{"rendered":"Calmannpalais, Hamburg 2006"},"content":{"rendered":"<p><img decoding=\"async\" src=\"\/wp-content\/uploads\/2024\/09\/j_200802.jpg\" alt=\"Calmannpalais, Hamburg 2006\"><\/p>\n<h1><span data-contrast=\"auto\" xml:lang=\"UK\" lang=\"UK\" class=\"TextRun SCXW72300950 BCX8\"><span class=\"NormalTextRun SCXW72300950 BCX8\">Calmannpalais, Hamburg 2006 <span data-contrast=\"none\" xml:lang=\"DE-DE\" lang=\"DE-DE\" class=\"TextRun SCXW25218675 BCX8\"><span class=\"NormalTextRun SCXW25218675 BCX8\">(1.Preis)<\/span><\/span><\/span><\/span><\/h1>\n<div>\n<p><span data-contrast=\"auto\">Das 1916 nach Pl\u00e4nen von Erich <span class=\"SpellingError SCXW265023443 BCX8\">Elingius<\/span><span class=\"NormalTextRun SCXW265023443 BCX8\"> <\/span> als Klinik errichtete Geb\u00e4ude steht unter Denkmalschutz und wird zu sechs gro\u00dfz\u00fcgigen Wohnungen und zum k\u00fcnftigen Sitz des B\u00fcros umgebaut.<\/span><span data-ccp-props=\"{&quot;201341983&quot;:0,&quot;335559737&quot;:2797,&quot;335559740&quot;:276}\">\u00a0<\/span><\/p>\n<p><span data-contrast=\"auto\">Team<\/span><span data-contrast=\"auto\">: Dipl.-Ing. H<\/span><span data-contrast=\"auto\">.<\/span><span data-contrast=\"auto\"> Henningsen, Dipl.-Ing. G<\/span><span data-contrast=\"auto\">.<\/span><span data-contrast=\"auto\"> Schittek, Dipl.-Ing. B<\/span><span data-contrast=\"auto\">.<\/span><span data-contrast=\"auto\"> Aschmann, Dipl.-Ing. K<\/span><span data-contrast=\"auto\">.<\/span><span data-contrast=\"auto\"> Finke, Dipl.-Ing. J<\/span><span data-contrast=\"auto\">.<\/span><span data-contrast=\"auto\"> Behm, Dipl.-Ing. W<\/span><span data-contrast=\"auto\">.<\/span><span data-contrast=\"auto\"> Wa\u00dfmuth, Dipl.<\/span><span data-contrast=\"auto\">&#8211;<\/span><span data-contrast=\"auto\">Ing. D<\/span><span data-contrast=\"auto\">.<\/span><span data-contrast=\"auto\"> Zajsek<\/span><span data-ccp-props=\"{&quot;201341983&quot;:0,&quot;335551550&quot;:6,&quot;335551620&quot;:6,&quot;335559737&quot;:2797,&quot;335559740&quot;:276}\">\u00a0<\/span><\/p>\n<\/div>\n<ul>\n<li>\n<p><img decoding=\"async\" src=\"\/wp-content\/uploads\/2024\/09\/j_200802_2.jpg\" alt=\"\"><\/p>\n<h3>Calmannpalais, Hamburg 2006<\/h3>\n<\/li>\n<li>\n<p><img decoding=\"async\" src=\"\/wp-content\/uploads\/2024\/09\/j_200802_4.jpg\" alt=\"\"><\/p>\n<h3>Calmannpalais, Hamburg 2006<\/h3>\n<\/li>\n<li>\n<p><img decoding=\"async\" src=\"\/wp-content\/uploads\/2024\/09\/j_200802_5.jpg\" alt=\"\"><\/p>\n<h3>Calmannpalais, Hamburg 2006<\/h3>\n<\/li>\n<li>\n<p><img decoding=\"async\" src=\"\/wp-content\/uploads\/2024\/09\/j_200802_6.jpg\" alt=\"\"><\/p>\n<h3>Calmannpalais, Hamburg 2006<\/h3>\n<\/li>\n<li>\n<p><img decoding=\"async\" src=\"\/wp-content\/uploads\/2024\/09\/j_200802_7.jpg\" alt=\"\"><\/p>\n<h3>Calmannpalais, Hamburg 2006<\/h3>\n<\/li>\n<\/ul>\n<div>\n<p>    <button onclick=\"goBack()\" class=\"uk-button uk-button-primary\" style=\"background-color: #fAfAfA; color: #111; border-color: transparent;\">Zur\u00fcck zur \u00dcbersicht<\/button>\n<\/div>\n<p><!--more--><br \/>\n<!-- {\"type\":\"layout\",\"children\":[{\"type\":\"section\",\"props\":{\"image_position\":\"center-center\",\"padding_remove_top\":true,\"style\":\"default\",\"title_breakpoint\":\"xl\",\"title_position\":\"top-left\",\"title_rotation\":\"left\",\"vertical_align\":\"\",\"width\":\"default\"},\"children\":[{\"type\":\"row\",\"children\":[{\"type\":\"column\",\"props\":{\"image_position\":\"center-center\",\"position_sticky_breakpoint\":\"m\"},\"children\":[{\"type\":\"image\",\"props\":{\"image\":\"wp-content\\\/uploads\\\/2024\\\/09\\\/j_200802.jpg\",\"image_alt\":\"Calmannpalais, Hamburg 2006\",\"image_svg_color\":\"emphasis\",\"image_width\":\"1759\",\"margin\":\"default\"}},{\"type\":\"headline\",\"props\":{\"content\":\"<span data-contrast=\\\"auto\\\" xml:lang=\\\"UK\\\" lang=\\\"UK\\\" class=\\\"TextRun SCXW72300950 BCX8\\\"><span class=\\\"NormalTextRun SCXW72300950 BCX8\\\">Calmannpalais, Hamburg 2006 <span data-contrast=\\\"none\\\" xml:lang=\\\"DE-DE\\\" lang=\\\"DE-DE\\\" class=\\\"TextRun SCXW25218675 BCX8\\\"><span class=\\\"NormalTextRun SCXW25218675 BCX8\\\">(1.Preis)<\\\/span><\\\/span><\\\/span><\\\/span>\",\"content_en_us\":\"\n\n<p><span data-contrast=\\\"none\\\">Calmannpalais, Hamburg 2006, (1st Prize)<\\\/span><\\\/p>\",\"css\":\".el-element, .el-element p {\\nfont-size:25px; font-weight: 400; font-family: HermesFB-Regular !important;\\n}\",\"title_element\":\"h1\",\"title_style\":\"h2\"}},{\"type\":\"text\",\"props\":{\"column_breakpoint\":\"m\",\"content\":\"\n\n<p><span data-contrast=\\\"auto\\\">Das 1916 nach Pl\\u00e4nen von Erich <span class=\\\"SpellingError SCXW265023443 BCX8\\\">Elingius<\\\/span><span class=\\\"NormalTextRun SCXW265023443 BCX8\\\"> <\\\/span> als Klinik errichtete Geb\\u00e4ude steht unter Denkmalschutz und wird zu sechs gro\\u00dfz\\u00fcgigen Wohnungen und zum k\\u00fcnftigen Sitz des B\\u00fcros umgebaut.<\\\/span><span data-ccp-props=\\\"{&quot;201341983&quot;:0,&quot;335559737&quot;:2797,&quot;335559740&quot;:276}\\\">\\u00a0<\\\/span><\\\/p>\\n\n\n<p><span data-contrast=\\\"auto\\\">Team<\\\/span><span data-contrast=\\\"auto\\\">: Dipl.-Ing. H<\\\/span><span data-contrast=\\\"auto\\\">.<\\\/span><span data-contrast=\\\"auto\\\"> Henningsen, Dipl.-Ing. G<\\\/span><span data-contrast=\\\"auto\\\">.<\\\/span><span data-contrast=\\\"auto\\\"> Schittek, Dipl.-Ing. B<\\\/span><span data-contrast=\\\"auto\\\">.<\\\/span><span data-contrast=\\\"auto\\\"> Aschmann, Dipl.-Ing. K<\\\/span><span data-contrast=\\\"auto\\\">.<\\\/span><span data-contrast=\\\"auto\\\"> Finke, Dipl.-Ing. J<\\\/span><span data-contrast=\\\"auto\\\">.<\\\/span><span data-contrast=\\\"auto\\\"> Behm, Dipl.-Ing. W<\\\/span><span data-contrast=\\\"auto\\\">.<\\\/span><span data-contrast=\\\"auto\\\"> Wa\\u00dfmuth, Dipl.<\\\/span><span data-contrast=\\\"auto\\\">-<\\\/span><span data-contrast=\\\"auto\\\">Ing. D<\\\/span><span data-contrast=\\\"auto\\\">.<\\\/span><span data-contrast=\\\"auto\\\"> Zajsek<\\\/span><span data-ccp-props=\\\"{&quot;201341983&quot;:0,&quot;335551550&quot;:6,&quot;335551620&quot;:6,&quot;335559737&quot;:2797,&quot;335559740&quot;:276}\\\">\\u00a0<\\\/span><\\\/p>\",\"content_en_us\":\"\n\n<p><span data-contrast=\\\"none\\\">The clinic, constructed in 1916 according to the plans by Erich Elingius is a listed building. It has been converted to accommodate six spacious apartments and the new headquarters of the office.<\\\/span><span data-ccp-props=\\\"{&quot;201341983&quot;:0,&quot;335559737&quot;:2792,&quot;335559740&quot;:276}\\\">\\u00a0<\\\/span><\\\/p>\\n\n\n<p><span data-contrast=\\\"auto\\\">Team<\\\/span><span data-contrast=\\\"auto\\\">: Dipl.-Ing. H<\\\/span><span data-contrast=\\\"auto\\\">.<\\\/span><span data-contrast=\\\"auto\\\"> Henningsen, Dipl.-Ing. G<\\\/span><span data-contrast=\\\"auto\\\">.<\\\/span><span data-contrast=\\\"auto\\\"> Schittek, Dipl.-Ing. B<\\\/span><span data-contrast=\\\"auto\\\">.<\\\/span><span data-contrast=\\\"auto\\\"> Aschmann, Dipl.-Ing. K<\\\/span><span data-contrast=\\\"auto\\\">.<\\\/span><span data-contrast=\\\"auto\\\"> Finke, Dipl.-Ing. J<\\\/span><span data-contrast=\\\"auto\\\">.<\\\/span><span data-contrast=\\\"auto\\\"> Behm, Dipl.-Ing. W<\\\/span><span data-contrast=\\\"auto\\\">.<\\\/span><span data-contrast=\\\"auto\\\"> Wa\\u00dfmuth, Dipl.<\\\/span><span data-contrast=\\\"auto\\\">-<\\\/span><span data-contrast=\\\"auto\\\">Ing. D<\\\/span><span data-contrast=\\\"auto\\\">.<\\\/span><span data-contrast=\\\"auto\\\"> Zajsek<\\\/span><span data-ccp-props=\\\"{&quot;201341983&quot;:0,&quot;335551550&quot;:6,&quot;335551620&quot;:6,&quot;335559737&quot;:2797,&quot;335559740&quot;:276}\\\">\\u00a0<br \\\/><\\\/span><span data-contrast=\\\"none\\\">Landscape architecture: Ando Yoo Landschftsarchitektur<\\\/span><\\\/p>\",\"margin\":\"default\"}}]}]}],\"name\":\"Header image + headline + text | DE & EN\"},{\"type\":\"section\",\"props\":{\"image_position\":\"center-center\",\"style\":\"default\",\"title_breakpoint\":\"xl\",\"title_position\":\"top-left\",\"title_rotation\":\"left\",\"vertical_align\":\"\",\"width\":\"default\"},\"children\":[{\"type\":\"row\",\"children\":[{\"type\":\"column\",\"props\":{\"image_position\":\"center-center\",\"position_sticky_breakpoint\":\"m\"},\"children\":[{\"type\":\"grid\",\"props\":{\"content_column_breakpoint\":\"m\",\"css\":\".el-title {\\nfont-size:15px;\\n}\\n\\n.el-image {\\nmax-height:900px;\\nwidth:auto;\\n}\",\"filter_align\":\"left\",\"filter_all\":true,\"filter_grid_breakpoint\":\"m\",\"filter_grid_width\":\"auto\",\"filter_position\":\"top\",\"filter_style\":\"tab\",\"grid_column_align\":true,\"grid_default\":\"1\",\"grid_masonry\":\"pack\",\"grid_medium\":\"1\",\"grid_row_align\":true,\"icon_width\":80,\"image_align\":\"top\",\"image_grid_breakpoint\":\"m\",\"image_grid_width\":\"1-2\",\"image_link\":true,\"image_svg_color\":\"emphasis\",\"item_animation\":true,\"lightbox\":true,\"lightbox_image_orientation\":true,\"link_style\":\"default\",\"link_text\":\"\",\"margin\":\"default\",\"meta_align\":\"below-title\",\"meta_element\":\"div\",\"meta_style\":\"text-meta\",\"panel_link\":true,\"show_content\":true,\"show_image\":true,\"show_link\":true,\"show_meta\":true,\"show_title\":false,\"text_align\":\"center\",\"title_align\":\"top\",\"title_element\":\"h3\",\"title_grid_breakpoint\":\"m\",\"title_grid_width\":\"1-2\",\"title_hover_style\":\"reset\"},\"children\":[{\"type\":\"grid_item\",\"props\":{\"image\":\"wp-content\\\/uploads\\\/2024\\\/09\\\/j_200802_2.jpg\",\"title\":\"Calmannpalais, Hamburg 2006\"}},{\"type\":\"grid_item\",\"props\":{\"image\":\"wp-content\\\/uploads\\\/2024\\\/09\\\/j_200802_4.jpg\",\"title\":\"Calmannpalais, Hamburg 2006\"}},{\"type\":\"grid_item\",\"props\":{\"image\":\"wp-content\\\/uploads\\\/2024\\\/09\\\/j_200802_5.jpg\",\"title\":\"Calmannpalais, Hamburg 2006\"}},{\"type\":\"grid_item\",\"props\":{\"image\":\"wp-content\\\/uploads\\\/2024\\\/09\\\/j_200802_6.jpg\",\"title\":\"Calmannpalais, Hamburg 2006\"}},{\"type\":\"grid_item\",\"props\":{\"image\":\"wp-content\\\/uploads\\\/2024\\\/09\\\/j_200802_7.jpg\",\"title\":\"Calmannpalais, Hamburg 2006\"}}]}]}]}],\"name\":\"Image-Grid\"},{\"type\":\"section\",\"props\":{\"image_position\":\"center-center\",\"style\":\"default\",\"title_breakpoint\":\"xl\",\"title_position\":\"top-left\",\"title_rotation\":\"left\",\"vertical_align\":\"\",\"width\":\"default\"},\"children\":[{\"type\":\"row\",\"children\":[{\"type\":\"column\",\"props\":{\"image_position\":\"center-center\",\"position_sticky_breakpoint\":\"m\"},\"children\":[{\"type\":\"html\",\"props\":{\"content\":\"<button onclick=\\\"goBack()\\\" class=\\\"uk-button uk-button-primary\\\" style=\\\"background-color: #fAfAfA; color: #111; border-color: transparent;\\\">Zur\\u00fcck zur \\u00dcbersicht<\\\/button>\",\"content_en_us\":\"<button onclick=\\\"goBack()\\\" class=\\\"uk-button uk-button-primary\\\" style=\\\"background-color: #fAfAfA; color: #111; border-color: transparent;\\\">Back to the overview<\\\/button>\",\"css\":\".el-element {\\ntext-align:center;\\n}\"}}]}]}],\"name\":\"Back to overview button\"}],\"version\":\"4.4.7\"} --><\/p>\n","protected":false},"excerpt":{"rendered":"<p>Calmannpalais, Hamburg 2006 (1.Preis) Das 1916 nach Pl\u00e4nen von Erich Elingius als Klinik errichtete Geb\u00e4ude steht unter Denkmalschutz und wird zu sechs gro\u00dfz\u00fcgigen Wohnungen und zum k\u00fcnftigen Sitz des B\u00fcros umgebaut.\u00a0 Team: Dipl.-Ing. H. Henningsen, Dipl.-Ing. G. Schittek, Dipl.-Ing. B. Aschmann, Dipl.-Ing. K. Finke, Dipl.-Ing. J. Behm, Dipl.-Ing. W. Wa\u00dfmuth, Dipl.&#8211;Ing. D. Zajsek\u00a0 Calmannpalais, Hamburg [&hellip;]<\/p>\n","protected":false},"author":2,"featured_media":782,"comment_status":"open","ping_status":"open","sticky":false,"template":"","format":"standard","meta":{"footnotes":""},"categories":[40,18,13,36,20,19,10],"tags":[41,23,14,37,22,21,9],"class_list":["post-1789","post","type-post","status-publish","format-standard","has-post-thumbnail","hentry","category-auswahl","category-buero","category-denkmal","category-interieur","category-preise","category-privat","category-wohnen","tag-auswahl","tag-buero","tag-denkmal","tag-interieur","tag-preise","tag-privat","tag-wohnen"],"_links":{"self":[{"href":"https:\/\/gebhardt-architekt.com\/en\/wp-json\/wp\/v2\/posts\/1789","targetHints":{"allow":["GET"]}}],"collection":[{"href":"https:\/\/gebhardt-architekt.com\/en\/wp-json\/wp\/v2\/posts"}],"about":[{"href":"https:\/\/gebhardt-architekt.com\/en\/wp-json\/wp\/v2\/types\/post"}],"author":[{"embeddable":true,"href":"https:\/\/gebhardt-architekt.com\/en\/wp-json\/wp\/v2\/users\/2"}],"replies":[{"embeddable":true,"href":"https:\/\/gebhardt-architekt.com\/en\/wp-json\/wp\/v2\/comments?post=1789"}],"version-history":[{"count":5,"href":"https:\/\/gebhardt-architekt.com\/en\/wp-json\/wp\/v2\/posts\/1789\/revisions"}],"predecessor-version":[{"id":1794,"href":"https:\/\/gebhardt-architekt.com\/en\/wp-json\/wp\/v2\/posts\/1789\/revisions\/1794"}],"wp:featuredmedia":[{"embeddable":true,"href":"https:\/\/gebhardt-architekt.com\/en\/wp-json\/wp\/v2\/media\/782"}],"wp:attachment":[{"href":"https:\/\/gebhardt-architekt.com\/en\/wp-json\/wp\/v2\/media?parent=1789"}],"wp:term":[{"taxonomy":"category","embeddable":true,"href":"https:\/\/gebhardt-architekt.com\/en\/wp-json\/wp\/v2\/categories?post=1789"},{"taxonomy":"post_tag","embeddable":true,"href":"https:\/\/gebhardt-architekt.com\/en\/wp-json\/wp\/v2\/tags?post=1789"}],"curies":[{"name":"wp","href":"https:\/\/api.w.org\/{rel}","templated":true}]}}