{"id":1712,"date":"2024-09-23T14:04:33","date_gmt":"2024-09-23T12:04:33","guid":{"rendered":"https:\/\/wordpress.gebhardt-architekt.com\/?p=1712"},"modified":"2024-12-10T17:23:56","modified_gmt":"2024-12-10T16:23:56","slug":"seelenkisten-galerie-renate-kammer-hamburg-2006","status":"publish","type":"post","link":"https:\/\/gebhardt-architekt.com\/en\/2024\/09\/23\/seelenkisten-galerie-renate-kammer-hamburg-2006\/","title":{"rendered":"Seelenkisten (Boxes for Souls), Galerie Renate Kammer, Hamburg 2006"},"content":{"rendered":"<p><video src=\"\/wp-content\/uploads\/2024\/12\/185_seelenkisten.mp4\" poster=\"\/wp-content\/uploads\/2024\/12\/Seelenkisten.jpg\"><\/video><\/p>\n<h1><span data-contrast=\"auto\" xml:lang=\"UK\" lang=\"UK\" class=\"TextRun SCXW41690500 BCX8\"><span class=\"NormalTextRun SCXW41690500 BCX8\">Seelenkisten, Galerie Renate Kammer, Hamburg 2006<\/span><\/span><span class=\"EOP SCXW41690500 BCX8\" data-ccp-props=\"{&quot;201341983&quot;:0,&quot;335559737&quot;:2797,&quot;335559740&quot;:276}\">\u00a0<\/span><\/h1>\n<div>\n<p><span data-contrast=\"auto\">Die Ausstellung erm\u00f6glicht dem Besucher die Gestaltung eines pers\u00f6nlichen Schreins. Interessiert sich der Besucher f\u00fcr ein Design, kann er es als Basis f\u00fcr einen Aneignungsprozess nutzen und \u00fcber Regler den Formentwicklungsprozess steuern. Dar\u00fcber hinaus besteht die M\u00f6glichkeit, dass er sich seine Seelenkiste im 3D-Druckverfahren realisieren lassen kann.<\/span><span data-ccp-props=\"{&quot;201341983&quot;:0,&quot;335559737&quot;:2797,&quot;335559740&quot;:276}\">\u00a0<\/span><\/p>\n<p><span data-contrast=\"auto\">Team<\/span><span data-contrast=\"auto\">: Dipl.-Ing. H<\/span><span data-contrast=\"auto\">.<\/span><span data-contrast=\"auto\"> Henningsen<\/span><span data-ccp-props=\"{&quot;201341983&quot;:0,&quot;335559737&quot;:2797,&quot;335559740&quot;:276}\">\u00a0<\/span><\/p>\n<\/div>\n<div>\n<p>    <button onclick=\"goBack()\" class=\"uk-button uk-button-primary\" style=\"background-color: #fAfAfA; color: #111; border-color: transparent;\">Zur\u00fcck zur \u00dcbersicht<\/button>\n<\/div>\n<p><!--more--><br \/>\n<!-- {\"type\":\"layout\",\"children\":[{\"type\":\"section\",\"props\":{\"image_position\":\"center-center\",\"padding_remove_top\":true,\"style\":\"default\",\"title_breakpoint\":\"xl\",\"title_position\":\"top-left\",\"title_rotation\":\"left\",\"vertical_align\":\"\",\"width\":\"default\"},\"children\":[{\"type\":\"row\",\"children\":[{\"type\":\"column\",\"props\":{\"image_position\":\"center-center\",\"position_sticky_breakpoint\":\"m\"},\"children\":[{\"type\":\"video\",\"props\":{\"margin\":\"default\",\"video\":\"wp-content\\\/uploads\\\/2024\\\/12\\\/185_seelenkisten.mp4\",\"video_controls\":true,\"video_muted\":true,\"video_poster\":\"wp-content\\\/uploads\\\/2024\\\/12\\\/Seelenkisten.jpg\",\"video_width\":\"1900\"}},{\"type\":\"headline\",\"props\":{\"content\":\"<span data-contrast=\\\"auto\\\" xml:lang=\\\"UK\\\" lang=\\\"UK\\\" class=\\\"TextRun SCXW41690500 BCX8\\\"><span class=\\\"NormalTextRun SCXW41690500 BCX8\\\">Seelenkisten, Galerie Renate Kammer, Hamburg 2006<\\\/span><\\\/span><span class=\\\"EOP SCXW41690500 BCX8\\\" data-ccp-props=\\\"{&quot;201341983&quot;:0,&quot;335559737&quot;:2797,&quot;335559740&quot;:276}\\\">\\u00a0<\\\/span>\",\"content_en_us\":\"<span class=\\\"NormalTextRun SCXW248902831 BCX8\\\">Seelenkisten (Boxes <\\\/span><span class=\\\"SpellingError SCXW248902831 BCX8\\\">for<\\\/span><span class=\\\"NormalTextRun SCXW248902831 BCX8\\\"> Souls), Galerie Renate Kammer, Hamburg 2006<\\\/span>\",\"css\":\".el-element, .el-element p {\\nfont-size:25px; font-weight: 400; font-family: HermesFB-Regular !important;\\n}\",\"title_element\":\"h1\",\"title_style\":\"h2\"}},{\"type\":\"text\",\"props\":{\"column_breakpoint\":\"m\",\"content\":\"\n\n<p><span data-contrast=\\\"auto\\\">Die Ausstellung erm\\u00f6glicht dem Besucher die Gestaltung eines pers\\u00f6nlichen Schreins. Interessiert sich der Besucher f\\u00fcr ein Design, kann er es als Basis f\\u00fcr einen Aneignungsprozess nutzen und \\u00fcber Regler den Formentwicklungsprozess steuern. Dar\\u00fcber hinaus besteht die M\\u00f6glichkeit, dass er sich seine Seelenkiste im 3D-Druckverfahren realisieren lassen kann.<\\\/span><span data-ccp-props=\\\"{&quot;201341983&quot;:0,&quot;335559737&quot;:2797,&quot;335559740&quot;:276}\\\">\\u00a0<\\\/span><\\\/p>\\n\n\n<p><span data-contrast=\\\"auto\\\">Team<\\\/span><span data-contrast=\\\"auto\\\">: Dipl.-Ing. H<\\\/span><span data-contrast=\\\"auto\\\">.<\\\/span><span data-contrast=\\\"auto\\\"> Henningsen<\\\/span><span data-ccp-props=\\\"{&quot;201341983&quot;:0,&quot;335559737&quot;:2797,&quot;335559740&quot;:276}\\\">\\u00a0<\\\/span><\\\/p>\",\"content_en_us\":\"\n\n<p><span data-contrast=\\\"none\\\">The exhibition enables the visitors to create their own personal shrine. If the visitor is interested in a particular design. he or she can make use of it in a process of appropriation and can control the development of the design. In addition. the \\\"Seelenkiste\\\" can be produced using a 3D printing process.<\\\/span><span data-ccp-props=\\\"{&quot;201341983&quot;:0,&quot;335559737&quot;:2792,&quot;335559740&quot;:276}\\\">\\u00a0<\\\/span><\\\/p>\\n\n\n<p><span data-contrast=\\\"auto\\\">Team<\\\/span><span data-contrast=\\\"auto\\\">: Dipl.- Ing. H<\\\/span><span data-contrast=\\\"auto\\\">.<\\\/span><span data-contrast=\\\"auto\\\"> Henningsen<\\\/span><\\\/p>\",\"margin\":\"default\"}}]}]}],\"name\":\"Header image + headline + text | DE & EN\"},{\"type\":\"section\",\"props\":{\"image_position\":\"center-center\",\"style\":\"default\",\"title_breakpoint\":\"xl\",\"title_position\":\"top-left\",\"title_rotation\":\"left\",\"vertical_align\":\"\",\"width\":\"default\"},\"children\":[{\"type\":\"row\",\"children\":[{\"type\":\"column\",\"props\":{\"image_position\":\"center-center\",\"position_sticky_breakpoint\":\"m\"},\"children\":[{\"type\":\"html\",\"props\":{\"content\":\"<button onclick=\\\"goBack()\\\" class=\\\"uk-button uk-button-primary\\\" style=\\\"background-color: #fAfAfA; color: #111; border-color: transparent;\\\">Zur\\u00fcck zur \\u00dcbersicht<\\\/button>\",\"content_en_us\":\"<button onclick=\\\"goBack()\\\" class=\\\"uk-button uk-button-primary\\\" style=\\\"background-color: #fAfAfA; color: #111; border-color: transparent;\\\">Back to the overview<\\\/button>\",\"css\":\".el-element {\\ntext-align:center;\\n}\"}}]}]}],\"name\":\"Back to overview button\"}],\"version\":\"4.4.12\"} --><\/p>\n","protected":false},"excerpt":{"rendered":"<p>Seelenkisten (Boxes for Souls), Galerie Renate Kammer, Hamburg 2006 The exhibition enables the visitors to create their own personal shrine. If the visitor is interested in a particular design. he or she can make use of it in a process of appropriation and can control the development of the design. In addition. the &#8220;Seelenkiste&#8221; can [&hellip;]<\/p>\n","protected":false},"author":2,"featured_media":2440,"comment_status":"open","ping_status":"open","sticky":false,"template":"","format":"standard","meta":{"footnotes":""},"categories":[11,19],"tags":[15,21],"class_list":["post-1712","post","type-post","status-publish","format-standard","has-post-thumbnail","hentry","category-kultur","category-privat","tag-kultur","tag-privat"],"_links":{"self":[{"href":"https:\/\/gebhardt-architekt.com\/en\/wp-json\/wp\/v2\/posts\/1712","targetHints":{"allow":["GET"]}}],"collection":[{"href":"https:\/\/gebhardt-architekt.com\/en\/wp-json\/wp\/v2\/posts"}],"about":[{"href":"https:\/\/gebhardt-architekt.com\/en\/wp-json\/wp\/v2\/types\/post"}],"author":[{"embeddable":true,"href":"https:\/\/gebhardt-architekt.com\/en\/wp-json\/wp\/v2\/users\/2"}],"replies":[{"embeddable":true,"href":"https:\/\/gebhardt-architekt.com\/en\/wp-json\/wp\/v2\/comments?post=1712"}],"version-history":[{"count":4,"href":"https:\/\/gebhardt-architekt.com\/en\/wp-json\/wp\/v2\/posts\/1712\/revisions"}],"predecessor-version":[{"id":2441,"href":"https:\/\/gebhardt-architekt.com\/en\/wp-json\/wp\/v2\/posts\/1712\/revisions\/2441"}],"wp:featuredmedia":[{"embeddable":true,"href":"https:\/\/gebhardt-architekt.com\/en\/wp-json\/wp\/v2\/media\/2440"}],"wp:attachment":[{"href":"https:\/\/gebhardt-architekt.com\/en\/wp-json\/wp\/v2\/media?parent=1712"}],"wp:term":[{"taxonomy":"category","embeddable":true,"href":"https:\/\/gebhardt-architekt.com\/en\/wp-json\/wp\/v2\/categories?post=1712"},{"taxonomy":"post_tag","embeddable":true,"href":"https:\/\/gebhardt-architekt.com\/en\/wp-json\/wp\/v2\/tags?post=1712"}],"curies":[{"name":"wp","href":"https:\/\/api.w.org\/{rel}","templated":true}]}}