{"id":1660,"date":"2024-09-23T13:27:31","date_gmt":"2024-09-23T11:27:31","guid":{"rendered":"https:\/\/wordpress.gebhardt-architekt.com\/?p=1660"},"modified":"2024-09-23T13:28:49","modified_gmt":"2024-09-23T11:28:49","slug":"basement-audimax-hamburg-2006","status":"publish","type":"post","link":"https:\/\/gebhardt-architekt.com\/en\/2024\/09\/23\/basement-audimax-hamburg-2006\/","title":{"rendered":"Basement Audimax, Hamburg 2006"},"content":{"rendered":"<p><img decoding=\"async\" src=\"\/wp-content\/uploads\/2024\/09\/j_200605.jpg\" alt=\"Basement Audimax, Hamburg 2006\"><\/p>\n<h1><span data-contrast=\"auto\" xml:lang=\"UK\" lang=\"UK\" class=\"TextRun SCXW126758309 BCX8\"><span class=\"NormalTextRun SCXW126758309 BCX8\">Basement Audimax, Hamburg 2006<\/span><\/span><\/h1>\n<div>\n<p><span data-contrast=\"auto\">Das Untergeschoss des unter Denkmalschutz stehenden Geb\u00e4udes soll einer gastronomiegest\u00fctzten Kulturnutzung zugef\u00fchrt werden.<\/span><span data-ccp-props=\"{&quot;201341983&quot;:0,&quot;335559737&quot;:2797,&quot;335559740&quot;:276}\">\u00a0<\/span><\/p>\n<p><span data-contrast=\"auto\">Team<\/span><span data-contrast=\"auto\">: Dipl.-Ing. H<\/span><span data-contrast=\"auto\">.<\/span><span data-contrast=\"auto\"> Henningsen<\/span><span data-ccp-props=\"{&quot;201341983&quot;:0,&quot;335559737&quot;:2797,&quot;335559740&quot;:276}\">\u00a0<\/span><\/p>\n<\/div>\n<div>\n<p><img decoding=\"async\" src=\"\/wp-content\/uploads\/2024\/09\/j_200605_2.jpg\" alt=\"\"><\/p>\n<h3>Basement Audimax, Hamburg 2006<\/h3>\n<\/div>\n<div>\n<p>    <button onclick=\"goBack()\" class=\"uk-button uk-button-primary\" style=\"background-color: #fAfAfA; color: #111; border-color: transparent;\">Zur\u00fcck zur \u00dcbersicht<\/button>\n<\/div>\n<p><!--more--><br \/>\n<!-- {\"type\":\"layout\",\"children\":[{\"type\":\"section\",\"props\":{\"image_position\":\"center-center\",\"padding_remove_top\":true,\"style\":\"default\",\"title_breakpoint\":\"xl\",\"title_position\":\"top-left\",\"title_rotation\":\"left\",\"vertical_align\":\"\",\"width\":\"default\"},\"children\":[{\"type\":\"row\",\"children\":[{\"type\":\"column\",\"props\":{\"image_position\":\"center-center\",\"position_sticky_breakpoint\":\"m\"},\"children\":[{\"type\":\"image\",\"props\":{\"image\":\"wp-content\\\/uploads\\\/2024\\\/09\\\/j_200605.jpg\",\"image_alt\":\"Basement Audimax, Hamburg 2006\",\"image_svg_color\":\"emphasis\",\"image_width\":\"1759\",\"margin\":\"default\"}},{\"type\":\"headline\",\"props\":{\"content\":\"<span data-contrast=\\\"auto\\\" xml:lang=\\\"UK\\\" lang=\\\"UK\\\" class=\\\"TextRun SCXW126758309 BCX8\\\"><span class=\\\"NormalTextRun SCXW126758309 BCX8\\\">Basement Audimax, Hamburg 2006<\\\/span><\\\/span>\",\"content_en_us\":\"<span data-contrast=\\\"auto\\\" xml:lang=\\\"UK\\\" lang=\\\"UK\\\" class=\\\"TextRun SCXW126758309 BCX8\\\"><span class=\\\"NormalTextRun SCXW126758309 BCX8\\\">Basement Audimax, Hamburg 2006<\\\/span><\\\/span>\",\"css\":\".el-element, .el-element p {\\nfont-size:25px; font-weight: 400; font-family: HermesFB-Regular !important;\\n}\",\"title_element\":\"h1\",\"title_style\":\"h2\"}},{\"type\":\"text\",\"props\":{\"column_breakpoint\":\"m\",\"content\":\"\n\n<p><span data-contrast=\\\"auto\\\">Das Untergeschoss des unter Denkmalschutz stehenden Geb\\u00e4udes soll einer gastronomiegest\\u00fctzten Kulturnutzung zugef\\u00fchrt werden.<\\\/span><span data-ccp-props=\\\"{&quot;201341983&quot;:0,&quot;335559737&quot;:2797,&quot;335559740&quot;:276}\\\">\\u00a0<\\\/span><\\\/p>\\n\n\n<p><span data-contrast=\\\"auto\\\">Team<\\\/span><span data-contrast=\\\"auto\\\">: Dipl.-Ing. H<\\\/span><span data-contrast=\\\"auto\\\">.<\\\/span><span data-contrast=\\\"auto\\\"> Henningsen<\\\/span><span data-ccp-props=\\\"{&quot;201341983&quot;:0,&quot;335559737&quot;:2797,&quot;335559740&quot;:276}\\\">\\u00a0<\\\/span><\\\/p>\",\"content_en_us\":\"\n\n<p><span data-contrast=\\\"none\\\">The basement of the listed building will be used for cultural events with catering.<\\\/span><span data-ccp-props=\\\"{&quot;201341983&quot;:0,&quot;335559737&quot;:2792,&quot;335559740&quot;:276}\\\">\\u00a0<\\\/span><\\\/p>\\n\n\n<p><span data-contrast=\\\"auto\\\">Team<\\\/span><span data-contrast=\\\"auto\\\">: Dipl.- Ing. H<\\\/span><span data-contrast=\\\"auto\\\">.<\\\/span><span data-contrast=\\\"auto\\\"> Henningsen<\\\/span><span data-ccp-props=\\\"{&quot;201341983&quot;:0,&quot;335559737&quot;:2797,&quot;335559740&quot;:276}\\\">\\u00a0<\\\/span><\\\/p>\",\"margin\":\"default\"}}]}]}],\"name\":\"Header image + headline + text | DE & EN\"},{\"type\":\"section\",\"props\":{\"image_position\":\"center-center\",\"style\":\"default\",\"title_breakpoint\":\"xl\",\"title_position\":\"top-left\",\"title_rotation\":\"left\",\"vertical_align\":\"\",\"width\":\"default\"},\"children\":[{\"type\":\"row\",\"children\":[{\"type\":\"column\",\"props\":{\"image_position\":\"center-center\",\"position_sticky_breakpoint\":\"m\"},\"children\":[{\"type\":\"grid\",\"props\":{\"content_column_breakpoint\":\"m\",\"css\":\".el-title {\\nfont-size:15px;\\n}\\n\\n.el-image {\\nmax-height:900px;\\nwidth:auto;\\n}\",\"filter_align\":\"left\",\"filter_all\":true,\"filter_grid_breakpoint\":\"m\",\"filter_grid_width\":\"auto\",\"filter_position\":\"top\",\"filter_style\":\"tab\",\"grid_column_align\":true,\"grid_default\":\"1\",\"grid_masonry\":\"pack\",\"grid_medium\":\"1\",\"grid_row_align\":true,\"icon_width\":80,\"image_align\":\"top\",\"image_grid_breakpoint\":\"m\",\"image_grid_width\":\"1-2\",\"image_link\":true,\"image_svg_color\":\"emphasis\",\"item_animation\":true,\"lightbox\":true,\"lightbox_image_orientation\":true,\"link_style\":\"default\",\"link_text\":\"\",\"margin\":\"default\",\"meta_align\":\"below-title\",\"meta_element\":\"div\",\"meta_style\":\"text-meta\",\"panel_link\":true,\"show_content\":true,\"show_image\":true,\"show_link\":true,\"show_meta\":true,\"show_title\":false,\"text_align\":\"center\",\"title_align\":\"top\",\"title_element\":\"h3\",\"title_grid_breakpoint\":\"m\",\"title_grid_width\":\"1-2\",\"title_hover_style\":\"reset\"},\"children\":[{\"type\":\"grid_item\",\"props\":{\"image\":\"wp-content\\\/uploads\\\/2024\\\/09\\\/j_200605_2.jpg\",\"title\":\"Basement Audimax, Hamburg 2006\"}}]}]}]}],\"name\":\"Image-Grid\"},{\"type\":\"section\",\"props\":{\"image_position\":\"center-center\",\"style\":\"default\",\"title_breakpoint\":\"xl\",\"title_position\":\"top-left\",\"title_rotation\":\"left\",\"vertical_align\":\"\",\"width\":\"default\"},\"children\":[{\"type\":\"row\",\"children\":[{\"type\":\"column\",\"props\":{\"image_position\":\"center-center\",\"position_sticky_breakpoint\":\"m\"},\"children\":[{\"type\":\"html\",\"props\":{\"content\":\"<button onclick=\\\"goBack()\\\" class=\\\"uk-button uk-button-primary\\\" style=\\\"background-color: #fAfAfA; color: #111; border-color: transparent;\\\">Zur\\u00fcck zur \\u00dcbersicht<\\\/button>\",\"content_en_us\":\"<button onclick=\\\"goBack()\\\" class=\\\"uk-button uk-button-primary\\\" style=\\\"background-color: #fAfAfA; color: #111; border-color: transparent;\\\">Back to the overview<\\\/button>\",\"css\":\".el-element {\\ntext-align:center;\\n}\"}}]}]}],\"name\":\"Back to overview button\"}],\"version\":\"4.4.7\"} --><\/p>\n","protected":false},"excerpt":{"rendered":"<p>Basement Audimax, Hamburg 2006 Das Untergeschoss des unter Denkmalschutz stehenden Geb\u00e4udes soll einer gastronomiegest\u00fctzten Kulturnutzung zugef\u00fchrt werden.\u00a0 Team: Dipl.-Ing. H. Henningsen\u00a0 Basement Audimax, Hamburg 2006 Zur\u00fcck zur \u00dcbersicht<\/p>\n","protected":false},"author":2,"featured_media":708,"comment_status":"open","ping_status":"open","sticky":false,"template":"","format":"standard","meta":{"footnotes":""},"categories":[36,11,19],"tags":[37,15,21],"class_list":["post-1660","post","type-post","status-publish","format-standard","has-post-thumbnail","hentry","category-interieur","category-kultur","category-privat","tag-interieur","tag-kultur","tag-privat"],"_links":{"self":[{"href":"https:\/\/gebhardt-architekt.com\/en\/wp-json\/wp\/v2\/posts\/1660","targetHints":{"allow":["GET"]}}],"collection":[{"href":"https:\/\/gebhardt-architekt.com\/en\/wp-json\/wp\/v2\/posts"}],"about":[{"href":"https:\/\/gebhardt-architekt.com\/en\/wp-json\/wp\/v2\/types\/post"}],"author":[{"embeddable":true,"href":"https:\/\/gebhardt-architekt.com\/en\/wp-json\/wp\/v2\/users\/2"}],"replies":[{"embeddable":true,"href":"https:\/\/gebhardt-architekt.com\/en\/wp-json\/wp\/v2\/comments?post=1660"}],"version-history":[{"count":3,"href":"https:\/\/gebhardt-architekt.com\/en\/wp-json\/wp\/v2\/posts\/1660\/revisions"}],"predecessor-version":[{"id":1663,"href":"https:\/\/gebhardt-architekt.com\/en\/wp-json\/wp\/v2\/posts\/1660\/revisions\/1663"}],"wp:featuredmedia":[{"embeddable":true,"href":"https:\/\/gebhardt-architekt.com\/en\/wp-json\/wp\/v2\/media\/708"}],"wp:attachment":[{"href":"https:\/\/gebhardt-architekt.com\/en\/wp-json\/wp\/v2\/media?parent=1660"}],"wp:term":[{"taxonomy":"category","embeddable":true,"href":"https:\/\/gebhardt-architekt.com\/en\/wp-json\/wp\/v2\/categories?post=1660"},{"taxonomy":"post_tag","embeddable":true,"href":"https:\/\/gebhardt-architekt.com\/en\/wp-json\/wp\/v2\/tags?post=1660"}],"curies":[{"name":"wp","href":"https:\/\/api.w.org\/{rel}","templated":true}]}}