{"id":1622,"date":"2024-09-23T12:42:24","date_gmt":"2024-09-23T10:42:24","guid":{"rendered":"https:\/\/wordpress.gebhardt-architekt.com\/?p=1622"},"modified":"2024-09-23T12:47:05","modified_gmt":"2024-09-23T10:47:05","slug":"helene-dessous-hannover-2005","status":"publish","type":"post","link":"https:\/\/gebhardt-architekt.com\/en\/2024\/09\/23\/helene-dessous-hannover-2005\/","title":{"rendered":"Helene Dessous, Hannover 2005"},"content":{"rendered":"<p><img decoding=\"async\" src=\"\/wp-content\/uploads\/2024\/09\/j_200505.jpg\" alt=\"Helene Dessous, Hannover 2005\"><\/p>\n<h1>Helene Dessous, Hannover 2005<\/h1>\n<div>\n<p><span data-contrast=\"auto\">Das \u00fcber drei Generationen gewachsene Interieur wurde unter Verwendung der bestehenden M\u00f6blierung \u00fcbersichtlich strukturiert und mit aktuellen Pr\u00e4sentationsformen ausgestattet. Dabei wurden Barrieren entfernt und eine zeitgem\u00e4\u00dfe, freundliche Atmosph\u00e4re erzeugt.\u00a0<\/span><span data-ccp-props=\"{&quot;201341983&quot;:0,&quot;335559737&quot;:2797,&quot;335559740&quot;:276}\">\u00a0<\/span><\/p>\n<p><span data-contrast=\"auto\">Team<\/span><span data-contrast=\"auto\">:\u00a0 Dipl.-Ing. G<\/span><span data-contrast=\"auto\">.<\/span><span data-contrast=\"auto\"> Schittek, Dipl.-Ing. H<\/span><span data-contrast=\"auto\">.<\/span><span data-contrast=\"auto\"> Henningsen,<\/span> <span data-contrast=\"auto\">Dipl.-Ing. M<\/span><span data-contrast=\"auto\">.<\/span><span data-contrast=\"auto\"> Sue\u00a0<\/span><span data-ccp-props=\"{&quot;201341983&quot;:0,&quot;335559737&quot;:2797,&quot;335559740&quot;:276}\">\u00a0<\/span><\/p>\n<\/div>\n<div>\n<p>    <button onclick=\"goBack()\" class=\"uk-button uk-button-primary\" style=\"background-color: #fAfAfA; color: #111; border-color: transparent;\">Zur\u00fcck zur \u00dcbersicht<\/button>\n<\/div>\n<p><!--more--><br \/>\n<!-- {\"type\":\"layout\",\"children\":[{\"type\":\"section\",\"props\":{\"image_position\":\"center-center\",\"padding_remove_top\":true,\"style\":\"default\",\"title_breakpoint\":\"xl\",\"title_position\":\"top-left\",\"title_rotation\":\"left\",\"vertical_align\":\"\",\"width\":\"default\"},\"children\":[{\"type\":\"row\",\"children\":[{\"type\":\"column\",\"props\":{\"image_position\":\"center-center\",\"position_sticky_breakpoint\":\"m\"},\"children\":[{\"type\":\"image\",\"props\":{\"image\":\"wp-content\\\/uploads\\\/2024\\\/09\\\/j_200505.jpg\",\"image_alt\":\"Helene Dessous, Hannover 2005\",\"image_svg_color\":\"emphasis\",\"image_width\":\"1759\",\"margin\":\"default\"}},{\"type\":\"headline\",\"props\":{\"content\":\"Helene Dessous, Hannover 2005\",\"content_en_us\":\"Helene Dessous, Hannover 2005\",\"css\":\".el-element, .el-element p {\\nfont-size:25px; font-weight: 400; font-family: HermesFB-Regular !important;\\n}\",\"title_element\":\"h1\",\"title_style\":\"h2\"}},{\"type\":\"text\",\"props\":{\"column_breakpoint\":\"m\",\"content\":\"\n\n<p><span data-contrast=\\\"auto\\\">Das \\u00fcber drei Generationen gewachsene Interieur wurde unter Verwendung der bestehenden M\\u00f6blierung \\u00fcbersichtlich strukturiert und mit aktuellen Pr\\u00e4sentationsformen ausgestattet. Dabei wurden Barrieren entfernt und eine zeitgem\\u00e4\\u00dfe, freundliche Atmosph\\u00e4re erzeugt.\\u00a0<\\\/span><span data-ccp-props=\\\"{&quot;201341983&quot;:0,&quot;335559737&quot;:2797,&quot;335559740&quot;:276}\\\">\\u00a0<\\\/span><\\\/p>\\n\n\n<p><span data-contrast=\\\"auto\\\">Team<\\\/span><span data-contrast=\\\"auto\\\">:\\u00a0 Dipl.-Ing. G<\\\/span><span data-contrast=\\\"auto\\\">.<\\\/span><span data-contrast=\\\"auto\\\"> Schittek, Dipl.-Ing. H<\\\/span><span data-contrast=\\\"auto\\\">.<\\\/span><span data-contrast=\\\"auto\\\"> Henningsen,<\\\/span> <span data-contrast=\\\"auto\\\">Dipl.-Ing. M<\\\/span><span data-contrast=\\\"auto\\\">.<\\\/span><span data-contrast=\\\"auto\\\"> Sue\\u00a0<\\\/span><span data-ccp-props=\\\"{&quot;201341983&quot;:0,&quot;335559737&quot;:2797,&quot;335559740&quot;:276}\\\">\\u00a0<\\\/span><\\\/p>\",\"content_en_us\":\"\n\n<p><span data-contrast=\\\"none\\\">The interieur of this shop was accumulated for more than three generations. Using the existing furniture, the interieur was newly structured and enhanced with modern aspects of presentation. Additionally, several barriers were removed and a trendy, yet intimate and friendly atmosphere came into being.<\\\/span><span data-ccp-props=\\\"{&quot;201341983&quot;:0,&quot;335559737&quot;:2792,&quot;335559740&quot;:276}\\\">\\u00a0<\\\/span><\\\/p>\\n\n\n<p><span data-contrast=\\\"auto\\\">Team<\\\/span><span data-contrast=\\\"auto\\\">: Dipl.-Ing. G<\\\/span><span data-contrast=\\\"auto\\\">.<\\\/span><span data-contrast=\\\"auto\\\"> Schittek, Dipl.-Ing. H<\\\/span><span data-contrast=\\\"auto\\\">. <\\\/span><span data-contrast=\\\"auto\\\">Henningsen,<\\\/span><span data-contrast=\\\"auto\\\">\\u00a0Dipl.-Ing. M<\\\/span><span data-contrast=\\\"auto\\\">.<\\\/span><span data-contrast=\\\"auto\\\"> Sue<\\\/span><\\\/p>\",\"margin\":\"default\"}}]}]}],\"name\":\"Header image + headline + text | DE & EN\"},{\"type\":\"section\",\"props\":{\"image_position\":\"center-center\",\"style\":\"default\",\"title_breakpoint\":\"xl\",\"title_position\":\"top-left\",\"title_rotation\":\"left\",\"vertical_align\":\"\",\"width\":\"default\"},\"children\":[{\"type\":\"row\",\"children\":[{\"type\":\"column\",\"props\":{\"image_position\":\"center-center\",\"position_sticky_breakpoint\":\"m\"},\"children\":[{\"type\":\"html\",\"props\":{\"content\":\"<button onclick=\\\"goBack()\\\" class=\\\"uk-button uk-button-primary\\\" style=\\\"background-color: #fAfAfA; color: #111; border-color: transparent;\\\">Zur\\u00fcck zur \\u00dcbersicht<\\\/button>\",\"content_en_us\":\"<button onclick=\\\"goBack()\\\" class=\\\"uk-button uk-button-primary\\\" style=\\\"background-color: #fAfAfA; color: #111; border-color: transparent;\\\">Back to the overview<\\\/button>\",\"css\":\".el-element {\\ntext-align:center;\\n}\"}}]}]}],\"name\":\"Back to overview button\"}],\"version\":\"4.4.7\"} --><\/p>\n","protected":false},"excerpt":{"rendered":"<p>Helene Dessous, Hannover 2005 Das \u00fcber drei Generationen gewachsene Interieur wurde unter Verwendung der bestehenden M\u00f6blierung \u00fcbersichtlich strukturiert und mit aktuellen Pr\u00e4sentationsformen ausgestattet. Dabei wurden Barrieren entfernt und eine zeitgem\u00e4\u00dfe, freundliche Atmosph\u00e4re erzeugt.\u00a0\u00a0 Team:\u00a0 Dipl.-Ing. G. Schittek, Dipl.-Ing. H. Henningsen, Dipl.-Ing. M. Sue\u00a0\u00a0 Zur\u00fcck zur \u00dcbersicht<\/p>\n","protected":false},"author":2,"featured_media":674,"comment_status":"open","ping_status":"open","sticky":false,"template":"","format":"standard","meta":{"footnotes":""},"categories":[32,36,19],"tags":[34,37,21],"class_list":["post-1622","post","type-post","status-publish","format-standard","has-post-thumbnail","hentry","category-handel","category-interieur","category-privat","tag-handel","tag-interieur","tag-privat"],"_links":{"self":[{"href":"https:\/\/gebhardt-architekt.com\/en\/wp-json\/wp\/v2\/posts\/1622","targetHints":{"allow":["GET"]}}],"collection":[{"href":"https:\/\/gebhardt-architekt.com\/en\/wp-json\/wp\/v2\/posts"}],"about":[{"href":"https:\/\/gebhardt-architekt.com\/en\/wp-json\/wp\/v2\/types\/post"}],"author":[{"embeddable":true,"href":"https:\/\/gebhardt-architekt.com\/en\/wp-json\/wp\/v2\/users\/2"}],"replies":[{"embeddable":true,"href":"https:\/\/gebhardt-architekt.com\/en\/wp-json\/wp\/v2\/comments?post=1622"}],"version-history":[{"count":3,"href":"https:\/\/gebhardt-architekt.com\/en\/wp-json\/wp\/v2\/posts\/1622\/revisions"}],"predecessor-version":[{"id":1625,"href":"https:\/\/gebhardt-architekt.com\/en\/wp-json\/wp\/v2\/posts\/1622\/revisions\/1625"}],"wp:featuredmedia":[{"embeddable":true,"href":"https:\/\/gebhardt-architekt.com\/en\/wp-json\/wp\/v2\/media\/674"}],"wp:attachment":[{"href":"https:\/\/gebhardt-architekt.com\/en\/wp-json\/wp\/v2\/media?parent=1622"}],"wp:term":[{"taxonomy":"category","embeddable":true,"href":"https:\/\/gebhardt-architekt.com\/en\/wp-json\/wp\/v2\/categories?post=1622"},{"taxonomy":"post_tag","embeddable":true,"href":"https:\/\/gebhardt-architekt.com\/en\/wp-json\/wp\/v2\/tags?post=1622"}],"curies":[{"name":"wp","href":"https:\/\/api.w.org\/{rel}","templated":true}]}}