{"id":1538,"date":"2024-09-17T22:19:58","date_gmt":"2024-09-17T20:19:58","guid":{"rendered":"https:\/\/wordpress.gebhardt-architekt.com\/?p=1538"},"modified":"2024-09-17T22:22:29","modified_gmt":"2024-09-17T20:22:29","slug":"stadthaus-friedrichswerder-berlin-2004","status":"publish","type":"post","link":"https:\/\/gebhardt-architekt.com\/en\/2024\/09\/17\/stadthaus-friedrichswerder-berlin-2004\/","title":{"rendered":"Stadthaus Friedrichswerder, Berlin 2004\u00a0"},"content":{"rendered":"<p><img decoding=\"async\" src=\"\/wp-content\/uploads\/2024\/09\/j_200411a.jpg\" alt=\"Stadthaus Friedrichswerder, Berlin 2004\u00a0\"><\/p>\n<h1>Stadthaus Friedrichswerder, Berlin 2004<\/h1>\n<div>\n<p><span data-contrast=\"auto\">Die kosteng\u00fcnstige Ver\u00e4u\u00dferung der innerst\u00e4dtischen Grundst\u00fccke an Privatpersonen machen diese Wohntypologie mit zwei gro\u00dfz\u00fcgigen Maisonettewohnungen und einer auch gewerblich nutzbaren Fl\u00e4che im Erdgeschoss erst m\u00f6glich. Die Aussch\u00f6pfung der planungsrechtlichen Spielr\u00e4ume erlaubt statt den vorgegebenen 450 qm\u00a0 BGF 695qm.<\/span><span data-ccp-props=\"{&quot;201341983&quot;:0,&quot;335559737&quot;:2797,&quot;335559740&quot;:276}\">\u00a0<\/span><\/p>\n<p><span data-contrast=\"auto\">Team<\/span><span data-contrast=\"auto\">: Dipl.-Ing. H<\/span><span data-contrast=\"auto\">.\u00a0<\/span><span data-contrast=\"auto\"> Henningsen, Dipl.-Ing. G<\/span><span data-contrast=\"auto\">.<\/span><span data-contrast=\"auto\"> Schittek,\u00a0<\/span><span data-contrast=\"auto\">Dipl.-Ing. N<\/span><span data-contrast=\"auto\">.<\/span><span data-contrast=\"auto\"> D\u00f6hr<\/span><span data-ccp-props=\"{&quot;201341983&quot;:0,&quot;335559737&quot;:2797,&quot;335559740&quot;:276}\">\u00a0<\/span><\/p>\n<\/div>\n<ul>\n<li>\n<p><img decoding=\"async\" src=\"\/wp-content\/uploads\/2024\/09\/j_200411a_2.jpg\" alt=\"\"><\/p>\n<h3>Stadthaus Friedrichswerder, Berlin 2004\u00a0<\/h3>\n<\/li>\n<li>\n<p><img decoding=\"async\" src=\"\/wp-content\/uploads\/2024\/09\/j_200411a_3.jpg\" alt=\"\"><\/p>\n<h3>Stadthaus Friedrichswerder, Berlin 2004\u00a0<\/h3>\n<\/li>\n<li>\n<p><img decoding=\"async\" src=\"\/wp-content\/uploads\/2024\/09\/j_200411a_4.jpg\" alt=\"\"><\/p>\n<h3>Stadthaus Friedrichswerder, Berlin 2004\u00a0<\/h3>\n<\/li>\n<li>\n<p><img decoding=\"async\" src=\"\/wp-content\/uploads\/2024\/09\/j_200411a_5.jpg\" alt=\"\"><\/p>\n<h3>Stadthaus Friedrichswerder, Berlin 2004\u00a0<\/h3>\n<\/li>\n<\/ul>\n<div>\n<p>    <button onclick=\"goBack()\" class=\"uk-button uk-button-primary\" style=\"background-color: #fAfAfA; color: #111; border-color: transparent;\">Zur\u00fcck zur \u00dcbersicht<\/button>\n<\/div>\n<p><!--more--><br \/>\n<!-- {\"type\":\"layout\",\"children\":[{\"type\":\"section\",\"props\":{\"image_position\":\"center-center\",\"padding_remove_top\":true,\"style\":\"default\",\"title_breakpoint\":\"xl\",\"title_position\":\"top-left\",\"title_rotation\":\"left\",\"vertical_align\":\"\",\"width\":\"default\"},\"children\":[{\"type\":\"row\",\"children\":[{\"type\":\"column\",\"props\":{\"image_position\":\"center-center\",\"position_sticky_breakpoint\":\"m\"},\"children\":[{\"type\":\"image\",\"props\":{\"image\":\"wp-content\\\/uploads\\\/2024\\\/09\\\/j_200411a.jpg\",\"image_alt\":\"Stadthaus Friedrichswerder, Berlin 2004\\u00a0\",\"image_svg_color\":\"emphasis\",\"image_width\":\"1759\",\"margin\":\"default\"}},{\"type\":\"headline\",\"props\":{\"content\":\"Stadthaus Friedrichswerder, Berlin 2004\",\"content_en_us\":\"<span class=\\\"SpellingError SCXW219762936 BCX8\\\">Stadthaus<\\\/span><span class=\\\"NormalTextRun SCXW219762936 BCX8\\\"> <\\\/span><span class=\\\"SpellingError SCXW219762936 BCX8\\\">Friedrichswerder<\\\/span><span class=\\\"NormalTextRun SCXW219762936 BCX8\\\">, Berlin 2004<\\\/span>\",\"css\":\".el-element, .el-element p {\\nfont-size:25px; font-weight: 400; font-family: HermesFB-Regular !important;\\n}\",\"title_element\":\"h1\",\"title_style\":\"h2\"}},{\"type\":\"text\",\"props\":{\"column_breakpoint\":\"m\",\"content\":\"\n\n<p><span data-contrast=\\\"auto\\\">Die kosteng\\u00fcnstige Ver\\u00e4u\\u00dferung der innerst\\u00e4dtischen Grundst\\u00fccke an Privatpersonen machen diese Wohntypologie mit zwei gro\\u00dfz\\u00fcgigen Maisonettewohnungen und einer auch gewerblich nutzbaren Fl\\u00e4che im Erdgeschoss erst m\\u00f6glich. Die Aussch\\u00f6pfung der planungsrechtlichen Spielr\\u00e4ume erlaubt statt den vorgegebenen 450 qm\\u00a0 BGF 695qm.<\\\/span><span data-ccp-props=\\\"{&quot;201341983&quot;:0,&quot;335559737&quot;:2797,&quot;335559740&quot;:276}\\\">\\u00a0<\\\/span><\\\/p>\\n\n\n<p><span data-contrast=\\\"auto\\\">Team<\\\/span><span data-contrast=\\\"auto\\\">: Dipl.-Ing. H<\\\/span><span data-contrast=\\\"auto\\\">.\\u00a0<\\\/span><span data-contrast=\\\"auto\\\"> Henningsen, Dipl.-Ing. G<\\\/span><span data-contrast=\\\"auto\\\">.<\\\/span><span data-contrast=\\\"auto\\\"> Schittek,\\u00a0<\\\/span><span data-contrast=\\\"auto\\\">Dipl.-Ing. N<\\\/span><span data-contrast=\\\"auto\\\">.<\\\/span><span data-contrast=\\\"auto\\\"> D\\u00f6hr<\\\/span><span data-ccp-props=\\\"{&quot;201341983&quot;:0,&quot;335559737&quot;:2797,&quot;335559740&quot;:276}\\\">\\u00a0<\\\/span><\\\/p>\",\"content_en_us\":\"\n\n<p><span data-contrast=\\\"none\\\">This residential typology with two spacious maisonnette apartments and an area on the ground floor that can also be put to commercial use is made possible by the economic sale of the inner city site to private persons. The intelligent interpretation of the planning requirements enables the development of a GFA of 695sqm instead of the stipulated 450sqm.<\\\/span><span data-ccp-props=\\\"{&quot;201341983&quot;:0,&quot;335559737&quot;:2792,&quot;335559740&quot;:276}\\\">\\u00a0<\\\/span><\\\/p>\\n\n\n<p><span data-contrast=\\\"auto\\\">Team<\\\/span><span data-contrast=\\\"auto\\\">: Dipl.-Ing. H<\\\/span><span data-contrast=\\\"auto\\\">.\\u00a0<\\\/span><span data-contrast=\\\"auto\\\"> Henningsen, Dipl.-Ing. G<\\\/span><span data-contrast=\\\"auto\\\">.<\\\/span><span data-contrast=\\\"auto\\\"> Schittek,\\u00a0<\\\/span><span data-contrast=\\\"auto\\\">Dipl.-Ing. N<\\\/span><span data-contrast=\\\"auto\\\">.<\\\/span><span data-contrast=\\\"auto\\\"> D\\u00f6hr<\\\/span><\\\/p>\",\"margin\":\"default\"}}]}]}],\"name\":\"Header image + headline + text | DE & EN\"},{\"type\":\"section\",\"props\":{\"image_position\":\"center-center\",\"style\":\"default\",\"title_breakpoint\":\"xl\",\"title_position\":\"top-left\",\"title_rotation\":\"left\",\"vertical_align\":\"\",\"width\":\"default\"},\"children\":[{\"type\":\"row\",\"children\":[{\"type\":\"column\",\"props\":{\"image_position\":\"center-center\",\"position_sticky_breakpoint\":\"m\"},\"children\":[{\"type\":\"grid\",\"props\":{\"content_column_breakpoint\":\"m\",\"css\":\".el-title {\\nfont-size:15px;\\n}\\n\\n.el-image {\\nmax-height:900px;\\nwidth:auto;\\n}\",\"filter_align\":\"left\",\"filter_all\":true,\"filter_grid_breakpoint\":\"m\",\"filter_grid_width\":\"auto\",\"filter_position\":\"top\",\"filter_style\":\"tab\",\"grid_column_align\":true,\"grid_default\":\"1\",\"grid_masonry\":\"pack\",\"grid_medium\":\"1\",\"grid_row_align\":true,\"icon_width\":80,\"image_align\":\"top\",\"image_grid_breakpoint\":\"m\",\"image_grid_width\":\"1-2\",\"image_link\":true,\"image_svg_color\":\"emphasis\",\"item_animation\":true,\"lightbox\":true,\"lightbox_image_orientation\":true,\"link_style\":\"default\",\"link_text\":\"\",\"margin\":\"default\",\"meta_align\":\"below-title\",\"meta_element\":\"div\",\"meta_style\":\"text-meta\",\"panel_link\":true,\"show_content\":true,\"show_image\":true,\"show_link\":true,\"show_meta\":true,\"show_title\":false,\"text_align\":\"center\",\"title_align\":\"top\",\"title_element\":\"h3\",\"title_grid_breakpoint\":\"m\",\"title_grid_width\":\"1-2\",\"title_hover_style\":\"reset\"},\"children\":[{\"type\":\"grid_item\",\"props\":{\"image\":\"wp-content\\\/uploads\\\/2024\\\/09\\\/j_200411a_2.jpg\",\"title\":\"Stadthaus Friedrichswerder, Berlin 2004\\u00a0\"}},{\"type\":\"grid_item\",\"props\":{\"image\":\"wp-content\\\/uploads\\\/2024\\\/09\\\/j_200411a_3.jpg\",\"title\":\"Stadthaus Friedrichswerder, Berlin 2004\\u00a0\"}},{\"type\":\"grid_item\",\"props\":{\"image\":\"wp-content\\\/uploads\\\/2024\\\/09\\\/j_200411a_4.jpg\",\"title\":\"Stadthaus Friedrichswerder, Berlin 2004\\u00a0\"}},{\"type\":\"grid_item\",\"props\":{\"image\":\"wp-content\\\/uploads\\\/2024\\\/09\\\/j_200411a_5.jpg\",\"title\":\"Stadthaus Friedrichswerder, Berlin 2004\\u00a0\"}}]}]}]}],\"name\":\"Image-Grid\"},{\"type\":\"section\",\"props\":{\"image_position\":\"center-center\",\"style\":\"default\",\"title_breakpoint\":\"xl\",\"title_position\":\"top-left\",\"title_rotation\":\"left\",\"vertical_align\":\"\",\"width\":\"default\"},\"children\":[{\"type\":\"row\",\"children\":[{\"type\":\"column\",\"props\":{\"image_position\":\"center-center\",\"position_sticky_breakpoint\":\"m\"},\"children\":[{\"type\":\"html\",\"props\":{\"content\":\"<button onclick=\\\"goBack()\\\" class=\\\"uk-button uk-button-primary\\\" style=\\\"background-color: #fAfAfA; color: #111; border-color: transparent;\\\">Zur\\u00fcck zur \\u00dcbersicht<\\\/button>\",\"content_en_us\":\"<button onclick=\\\"goBack()\\\" class=\\\"uk-button uk-button-primary\\\" style=\\\"background-color: #fAfAfA; color: #111; border-color: transparent;\\\">Back to the overview<\\\/button>\",\"css\":\".el-element {\\ntext-align:center;\\n}\"}}]}]}],\"name\":\"Back to overview button\"}],\"version\":\"4.4.7\"} --><\/p>\n","protected":false},"excerpt":{"rendered":"<p>Stadthaus Friedrichswerder, Berlin 2004 Die kosteng\u00fcnstige Ver\u00e4u\u00dferung der innerst\u00e4dtischen Grundst\u00fccke an Privatpersonen machen diese Wohntypologie mit zwei gro\u00dfz\u00fcgigen Maisonettewohnungen und einer auch gewerblich nutzbaren Fl\u00e4che im Erdgeschoss erst m\u00f6glich. Die Aussch\u00f6pfung der planungsrechtlichen Spielr\u00e4ume erlaubt statt den vorgegebenen 450 qm\u00a0 BGF 695qm.\u00a0 Team: Dipl.-Ing. H.\u00a0 Henningsen, Dipl.-Ing. G. Schittek,\u00a0Dipl.-Ing. N. D\u00f6hr\u00a0 Stadthaus Friedrichswerder, Berlin 2004\u00a0 [&hellip;]<\/p>\n","protected":false},"author":2,"featured_media":644,"comment_status":"open","ping_status":"open","sticky":false,"template":"","format":"standard","meta":{"footnotes":""},"categories":[19,10],"tags":[21,9],"class_list":["post-1538","post","type-post","status-publish","format-standard","has-post-thumbnail","hentry","category-privat","category-wohnen","tag-privat","tag-wohnen"],"_links":{"self":[{"href":"https:\/\/gebhardt-architekt.com\/en\/wp-json\/wp\/v2\/posts\/1538","targetHints":{"allow":["GET"]}}],"collection":[{"href":"https:\/\/gebhardt-architekt.com\/en\/wp-json\/wp\/v2\/posts"}],"about":[{"href":"https:\/\/gebhardt-architekt.com\/en\/wp-json\/wp\/v2\/types\/post"}],"author":[{"embeddable":true,"href":"https:\/\/gebhardt-architekt.com\/en\/wp-json\/wp\/v2\/users\/2"}],"replies":[{"embeddable":true,"href":"https:\/\/gebhardt-architekt.com\/en\/wp-json\/wp\/v2\/comments?post=1538"}],"version-history":[{"count":2,"href":"https:\/\/gebhardt-architekt.com\/en\/wp-json\/wp\/v2\/posts\/1538\/revisions"}],"predecessor-version":[{"id":1540,"href":"https:\/\/gebhardt-architekt.com\/en\/wp-json\/wp\/v2\/posts\/1538\/revisions\/1540"}],"wp:featuredmedia":[{"embeddable":true,"href":"https:\/\/gebhardt-architekt.com\/en\/wp-json\/wp\/v2\/media\/644"}],"wp:attachment":[{"href":"https:\/\/gebhardt-architekt.com\/en\/wp-json\/wp\/v2\/media?parent=1538"}],"wp:term":[{"taxonomy":"category","embeddable":true,"href":"https:\/\/gebhardt-architekt.com\/en\/wp-json\/wp\/v2\/categories?post=1538"},{"taxonomy":"post_tag","embeddable":true,"href":"https:\/\/gebhardt-architekt.com\/en\/wp-json\/wp\/v2\/tags?post=1538"}],"curies":[{"name":"wp","href":"https:\/\/api.w.org\/{rel}","templated":true}]}}