{"id":1520,"date":"2024-09-13T15:58:00","date_gmt":"2024-09-13T13:58:00","guid":{"rendered":"https:\/\/wordpress.gebhardt-architekt.com\/?p=1520"},"modified":"2024-09-13T16:00:03","modified_gmt":"2024-09-13T14:00:03","slug":"haus-m-dachgeschossausbau-fuer-carsten-menke-und-anna-jager-in-holthusen-2003","status":"publish","type":"post","link":"https:\/\/gebhardt-architekt.com\/en\/2024\/09\/13\/haus-m-dachgeschossausbau-fuer-carsten-menke-und-anna-jager-in-holthusen-2003\/","title":{"rendered":"Haus M attic extension, Holthusen 2003 "},"content":{"rendered":"<p><img decoding=\"async\" src=\"\/wp-content\/uploads\/2024\/09\/j_200302.jpg\" alt=\"Haus M, Dachgeschossausbau f\u00fcr Carsten Menke und Anna Jager in Holthusen, 2003\u00a0\"><\/p>\n<h1>Haus M, Dachgeschossausbau f\u00fcr Carsten Menke und Anna Jager in Holthusen, 2003<\/h1>\n<div>\n<p><span data-contrast=\"none\">Das f\u00fcr die Unterbringung von Saisonarbeitern kleinteilig und spartanisch ausgelegte Dachgeschoss eines Bauernhauses wird durch den Umbau zu einer gro\u00dfz\u00fcgigen und heutigen Komfortanspr\u00fcchen gen\u00fcgenden Wohnung.<\/span><span data-ccp-props=\"{&quot;201341983&quot;:0,&quot;335559737&quot;:2797,&quot;335559740&quot;:276}\">\u00a0<\/span><\/p>\n<p><span data-contrast=\"none\">Team<\/span><span data-contrast=\"none\">: Dipl.-Ing.<\/span> <span data-contrast=\"none\">G<\/span><span data-contrast=\"none\">.<\/span><span data-contrast=\"none\"> Schittek, Dipl.-Ing. H<\/span><span data-contrast=\"none\">. <\/span><span data-contrast=\"none\">Henningsen, F<\/span><span data-contrast=\"none\">.<\/span><span data-contrast=\"none\">\u00a0Wiesner<\/span><span data-ccp-props=\"{&quot;201341983&quot;:0,&quot;335559737&quot;:2797,&quot;335559740&quot;:276}\"><br \/><\/span><span data-contrast=\"none\">Fotos: S<\/span><span data-contrast=\"none\">.<\/span><span data-contrast=\"none\"> von Breunig<\/span><span data-ccp-props=\"{&quot;201341983&quot;:0,&quot;335559737&quot;:2797,&quot;335559740&quot;:276}\">\u00a0<\/span><\/p>\n<\/div>\n<ul>\n<li>\n<p><img decoding=\"async\" src=\"\/wp-content\/uploads\/2024\/09\/j_200302_2.jpg\" alt=\"\"><\/p>\n<h3>Haus M, Dachgeschossausbau f\u00fcr Carsten Menke und Anna Jager in Holthusen, 2003\u00a0<\/h3>\n<\/li>\n<li>\n<p><img decoding=\"async\" src=\"\/wp-content\/uploads\/2024\/09\/j_200302_3.jpg\" alt=\"\"><\/p>\n<h3>Haus M, Dachgeschossausbau f\u00fcr Carsten Menke und Anna Jager in Holthusen, 2003\u00a0<\/h3>\n<\/li>\n<\/ul>\n<div>\n<p>    <button onclick=\"goBack()\" class=\"uk-button uk-button-primary\" style=\"background-color: #fAfAfA; color: #111; border-color: transparent;\">Zur\u00fcck zur \u00dcbersicht<\/button>\n<\/div>\n<p><!--more--><br \/>\n<!-- {\"type\":\"layout\",\"children\":[{\"type\":\"section\",\"props\":{\"image_position\":\"center-center\",\"padding_remove_top\":true,\"style\":\"default\",\"title_breakpoint\":\"xl\",\"title_position\":\"top-left\",\"title_rotation\":\"left\",\"vertical_align\":\"\",\"width\":\"default\"},\"children\":[{\"type\":\"row\",\"children\":[{\"type\":\"column\",\"props\":{\"image_position\":\"center-center\",\"position_sticky_breakpoint\":\"m\"},\"children\":[{\"type\":\"image\",\"props\":{\"image\":\"wp-content\\\/uploads\\\/2024\\\/09\\\/j_200302.jpg\",\"image_alt\":\"Haus M, Dachgeschossausbau f\\u00fcr Carsten Menke und Anna Jager in Holthusen, 2003\\u00a0\",\"image_svg_color\":\"emphasis\",\"image_width\":\"1759\",\"margin\":\"default\"}},{\"type\":\"headline\",\"props\":{\"content\":\"Haus M, Dachgeschossausbau f\\u00fcr Carsten Menke und Anna Jager in Holthusen, 2003\",\"content_en_us\":\"<span data-contrast=\\\"none\\\" xml:lang=\\\"EN-GB\\\" lang=\\\"EN-GB\\\" class=\\\"TextRun SCXW121794921 BCX8\\\"><span class=\\\"NormalTextRun SCXW121794921 BCX8\\\" data-ccp-parastyle=\\\"Body Text 2\\\">Haus M attic extension<\\\/span><span class=\\\"NormalTextRun SCXW121794921 BCX8\\\" data-ccp-parastyle=\\\"Body Text 2\\\">,<\\\/span><span class=\\\"NormalTextRun SCXW121794921 BCX8\\\" data-ccp-parastyle=\\\"Body Text 2\\\"> Holthusen 2003<\\\/span><\\\/span><span class=\\\"EOP SCXW121794921 BCX8\\\" data-ccp-props=\\\"{&quot;201341983&quot;:0,&quot;335559737&quot;:2792,&quot;335559739&quot;:120,&quot;335559740&quot;:276}\\\">\\u00a0<\\\/span>\",\"css\":\".el-element, .el-element p {\\nfont-size:25px; font-weight: 400; font-family: HermesFB-Regular !important;\\n}\",\"title_element\":\"h1\",\"title_style\":\"h2\"}},{\"type\":\"text\",\"props\":{\"column_breakpoint\":\"m\",\"content\":\"\n\n<p><span data-contrast=\\\"none\\\">Das f\\u00fcr die Unterbringung von Saisonarbeitern kleinteilig und spartanisch ausgelegte Dachgeschoss eines Bauernhauses wird durch den Umbau zu einer gro\\u00dfz\\u00fcgigen und heutigen Komfortanspr\\u00fcchen gen\\u00fcgenden Wohnung.<\\\/span><span data-ccp-props=\\\"{&quot;201341983&quot;:0,&quot;335559737&quot;:2797,&quot;335559740&quot;:276}\\\">\\u00a0<\\\/span><\\\/p>\\n\n\n<p><span data-contrast=\\\"none\\\">Team<\\\/span><span data-contrast=\\\"none\\\">: Dipl.-Ing.<\\\/span> <span data-contrast=\\\"none\\\">G<\\\/span><span data-contrast=\\\"none\\\">.<\\\/span><span data-contrast=\\\"none\\\"> Schittek, Dipl.-Ing. H<\\\/span><span data-contrast=\\\"none\\\">. <\\\/span><span data-contrast=\\\"none\\\">Henningsen, F<\\\/span><span data-contrast=\\\"none\\\">.<\\\/span><span data-contrast=\\\"none\\\">\\u00a0Wiesner<\\\/span><span data-ccp-props=\\\"{&quot;201341983&quot;:0,&quot;335559737&quot;:2797,&quot;335559740&quot;:276}\\\"><br \\\/><\\\/span><span data-contrast=\\\"none\\\">Fotos: S<\\\/span><span data-contrast=\\\"none\\\">.<\\\/span><span data-contrast=\\\"none\\\"> von Breunig<\\\/span><span data-ccp-props=\\\"{&quot;201341983&quot;:0,&quot;335559737&quot;:2797,&quot;335559740&quot;:276}\\\">\\u00a0<\\\/span><\\\/p>\",\"content_en_us\":\"\n\n<p><span data-contrast=\\\"none\\\">The small, spartan attic storey of a farmhouse, which previously served as accommodation for seasonal workers, has been converted into a spacious apartment that meets contemporary living requirements.\\u00a0<\\\/span><span data-ccp-props=\\\"{&quot;201341983&quot;:0,&quot;335559737&quot;:2792,&quot;335559740&quot;:276}\\\">\\u00a0<\\\/span><\\\/p>\\n\n\n<p><span data-contrast=\\\"none\\\">Team: <\\\/span><span data-contrast=\\\"none\\\">Dipl.-Ing.<\\\/span> <span data-contrast=\\\"none\\\">G<\\\/span><span data-contrast=\\\"none\\\">.<\\\/span><span data-contrast=\\\"none\\\"> Schittek, Dipl.-Ing. H<\\\/span><span data-contrast=\\\"none\\\">. <\\\/span><span data-contrast=\\\"none\\\">Henningsen, F<\\\/span><span data-contrast=\\\"none\\\">. <\\\/span><span data-contrast=\\\"none\\\">Wiesner<\\\/span><span data-ccp-props=\\\"{&quot;201341983&quot;:0,&quot;335559737&quot;:2797,&quot;335559740&quot;:276}\\\">\\u00a0<br \\\/><\\\/span><span data-contrast=\\\"none\\\">Fotos: Sabine von Breunig<\\\/span><span data-ccp-props=\\\"{&quot;201341983&quot;:0,&quot;335559737&quot;:2797,&quot;335559740&quot;:276}\\\">\\u00a0<\\\/span><\\\/p>\",\"margin\":\"default\"}}]}]}],\"name\":\"Header image + headline + text | DE & EN\"},{\"type\":\"section\",\"props\":{\"image_position\":\"center-center\",\"style\":\"default\",\"title_breakpoint\":\"xl\",\"title_position\":\"top-left\",\"title_rotation\":\"left\",\"vertical_align\":\"\",\"width\":\"default\"},\"children\":[{\"type\":\"row\",\"children\":[{\"type\":\"column\",\"props\":{\"image_position\":\"center-center\",\"position_sticky_breakpoint\":\"m\"},\"children\":[{\"type\":\"grid\",\"props\":{\"content_column_breakpoint\":\"m\",\"css\":\".el-title {\\nfont-size:15px;\\n}\\n\\n.el-image {\\nmax-height:900px;\\nwidth:auto;\\n}\",\"filter_align\":\"left\",\"filter_all\":true,\"filter_grid_breakpoint\":\"m\",\"filter_grid_width\":\"auto\",\"filter_position\":\"top\",\"filter_style\":\"tab\",\"grid_column_align\":true,\"grid_default\":\"1\",\"grid_masonry\":\"pack\",\"grid_medium\":\"1\",\"grid_row_align\":true,\"icon_width\":80,\"image_align\":\"top\",\"image_grid_breakpoint\":\"m\",\"image_grid_width\":\"1-2\",\"image_link\":true,\"image_svg_color\":\"emphasis\",\"item_animation\":true,\"lightbox\":true,\"lightbox_image_orientation\":true,\"link_style\":\"default\",\"link_text\":\"\",\"margin\":\"default\",\"meta_align\":\"below-title\",\"meta_element\":\"div\",\"meta_style\":\"text-meta\",\"panel_link\":true,\"show_content\":true,\"show_image\":true,\"show_link\":true,\"show_meta\":true,\"show_title\":false,\"text_align\":\"center\",\"title_align\":\"top\",\"title_element\":\"h3\",\"title_grid_breakpoint\":\"m\",\"title_grid_width\":\"1-2\",\"title_hover_style\":\"reset\"},\"children\":[{\"type\":\"grid_item\",\"props\":{\"image\":\"wp-content\\\/uploads\\\/2024\\\/09\\\/j_200302_2.jpg\",\"title\":\"Haus M, Dachgeschossausbau f\\u00fcr Carsten Menke und Anna Jager in Holthusen, 2003\\u00a0\"}},{\"type\":\"grid_item\",\"props\":{\"image\":\"wp-content\\\/uploads\\\/2024\\\/09\\\/j_200302_3.jpg\",\"title\":\"Haus M, Dachgeschossausbau f\\u00fcr Carsten Menke und Anna Jager in Holthusen, 2003\\u00a0\"}}]}]}]}],\"name\":\"Image-Grid\"},{\"type\":\"section\",\"props\":{\"image_position\":\"center-center\",\"style\":\"default\",\"title_breakpoint\":\"xl\",\"title_position\":\"top-left\",\"title_rotation\":\"left\",\"vertical_align\":\"\",\"width\":\"default\"},\"children\":[{\"type\":\"row\",\"children\":[{\"type\":\"column\",\"props\":{\"image_position\":\"center-center\",\"position_sticky_breakpoint\":\"m\"},\"children\":[{\"type\":\"html\",\"props\":{\"content\":\"<button onclick=\\\"goBack()\\\" class=\\\"uk-button uk-button-primary\\\" style=\\\"background-color: #fAfAfA; color: #111; border-color: transparent;\\\">Zur\\u00fcck zur \\u00dcbersicht<\\\/button>\",\"content_en_us\":\"<button onclick=\\\"goBack()\\\" class=\\\"uk-button uk-button-primary\\\" style=\\\"background-color: #fAfAfA; color: #111; border-color: transparent;\\\">Back to the overview<\\\/button>\",\"css\":\".el-element {\\ntext-align:center;\\n}\"}}]}]}],\"name\":\"Back to overview button\"}],\"version\":\"4.4.7\"} --><\/p>\n","protected":false},"excerpt":{"rendered":"<p>Haus M, Dachgeschossausbau f\u00fcr Carsten Menke und Anna Jager in Holthusen, 2003 Das f\u00fcr die Unterbringung von Saisonarbeitern kleinteilig und spartanisch ausgelegte Dachgeschoss eines Bauernhauses wird durch den Umbau zu einer gro\u00dfz\u00fcgigen und heutigen Komfortanspr\u00fcchen gen\u00fcgenden Wohnung.\u00a0 Team: Dipl.-Ing. G. Schittek, Dipl.-Ing. H. Henningsen, F.\u00a0WiesnerFotos: S. von Breunig\u00a0 Haus M, Dachgeschossausbau f\u00fcr Carsten Menke und [&hellip;]<\/p>\n","protected":false},"author":2,"featured_media":581,"comment_status":"open","ping_status":"open","sticky":false,"template":"","format":"standard","meta":{"footnotes":""},"categories":[36,19,10],"tags":[37,21,9],"class_list":["post-1520","post","type-post","status-publish","format-standard","has-post-thumbnail","hentry","category-interieur","category-privat","category-wohnen","tag-interieur","tag-privat","tag-wohnen"],"_links":{"self":[{"href":"https:\/\/gebhardt-architekt.com\/en\/wp-json\/wp\/v2\/posts\/1520","targetHints":{"allow":["GET"]}}],"collection":[{"href":"https:\/\/gebhardt-architekt.com\/en\/wp-json\/wp\/v2\/posts"}],"about":[{"href":"https:\/\/gebhardt-architekt.com\/en\/wp-json\/wp\/v2\/types\/post"}],"author":[{"embeddable":true,"href":"https:\/\/gebhardt-architekt.com\/en\/wp-json\/wp\/v2\/users\/2"}],"replies":[{"embeddable":true,"href":"https:\/\/gebhardt-architekt.com\/en\/wp-json\/wp\/v2\/comments?post=1520"}],"version-history":[{"count":4,"href":"https:\/\/gebhardt-architekt.com\/en\/wp-json\/wp\/v2\/posts\/1520\/revisions"}],"predecessor-version":[{"id":1524,"href":"https:\/\/gebhardt-architekt.com\/en\/wp-json\/wp\/v2\/posts\/1520\/revisions\/1524"}],"wp:featuredmedia":[{"embeddable":true,"href":"https:\/\/gebhardt-architekt.com\/en\/wp-json\/wp\/v2\/media\/581"}],"wp:attachment":[{"href":"https:\/\/gebhardt-architekt.com\/en\/wp-json\/wp\/v2\/media?parent=1520"}],"wp:term":[{"taxonomy":"category","embeddable":true,"href":"https:\/\/gebhardt-architekt.com\/en\/wp-json\/wp\/v2\/categories?post=1520"},{"taxonomy":"post_tag","embeddable":true,"href":"https:\/\/gebhardt-architekt.com\/en\/wp-json\/wp\/v2\/tags?post=1520"}],"curies":[{"name":"wp","href":"https:\/\/api.w.org\/{rel}","templated":true}]}}