{"id":1372,"date":"2024-09-12T14:48:07","date_gmt":"2024-09-12T12:48:07","guid":{"rendered":"https:\/\/wordpress.gebhardt-architekt.com\/?p=1372"},"modified":"2024-09-12T14:50:33","modified_gmt":"2024-09-12T12:50:33","slug":"harburg-arcaden-handelszentrum-mit-praxen-und-wohnungen-hamburg-harburg-2002","status":"publish","type":"post","link":"https:\/\/gebhardt-architekt.com\/en\/2024\/09\/12\/harburg-arcaden-handelszentrum-mit-praxen-und-wohnungen-hamburg-harburg-2002\/","title":{"rendered":"Harburg Arcaden, Handelszentrum mit\u00a0Praxen und Wohnungen, Hamburg-Harburg 2002"},"content":{"rendered":"<p><img decoding=\"async\" src=\"\/wp-content\/uploads\/2024\/09\/j_200209.jpg\" alt=\"Harburg Arcaden, Handelszentrum mit Praxen und Wohnungen, Hamburg-Harburg 2002\"><\/p>\n<h1><span data-contrast=\"auto\" xml:lang=\"UK\" lang=\"UK\" class=\"TextRun SCXW154672730 BCX8\"><span class=\"NormalTextRun SCXW154672730 BCX8\">Harburg Arcaden, Handelszentrum mit<\/span><\/span><span class=\"LineBreakBlob BlobObject DragDrop SCXW154672730 BCX8\"><span class=\"SCXW154672730 BCX8\">\u00a0<\/span><br class=\"SCXW154672730 BCX8\" \/><\/span><span data-contrast=\"auto\" xml:lang=\"UK\" lang=\"UK\" class=\"TextRun SCXW154672730 BCX8\"><span class=\"NormalTextRun SCXW154672730 BCX8\">Praxen und Wohnungen, Hamburg-Harburg 2002<\/span><\/span><\/h1>\n<div>\n<p><span data-contrast=\"auto\">Das Innerst\u00e4dtische Einkaufszentrum f\u00fcllt unter Einbeziehung bestehender Geb\u00e4ude\u00a0 einen Block. Die Einkaufsstra\u00dfe verbindet auf drei Geschossen bogenf\u00f6rmig die Fu\u00dfg\u00e4ngerzone mit dem Rathausplatz und dem Wochenmarkt. Die dar\u00fcber liegenden Wohn-, Praxen- und Parkfl\u00e4chen korrespondieren mit den angrenzenden H\u00f6hen des Bestandes und stellen so den historischen Stadtraum wieder her.<\/span><span data-ccp-props=\"{&quot;201341983&quot;:0,&quot;335559737&quot;:2797,&quot;335559740&quot;:276}\">\u00a0<\/span><\/p>\n<p><span data-contrast=\"auto\">Entwurf und <\/span><span data-contrast=\"auto\">Projektleitung im Auftrag von <\/span><span data-contrast=\"auto\">gmp<\/span><span data-ccp-props=\"{&quot;201341983&quot;:0,&quot;335559737&quot;:2797,&quot;335559740&quot;:276}\">\u00a0<\/span><\/p>\n<p><span data-contrast=\"auto\">Foto: K<\/span><span data-contrast=\"auto\">.<\/span><span data-contrast=\"auto\"> Frahm<\/span><span data-ccp-props=\"{&quot;201341983&quot;:0,&quot;335551550&quot;:6,&quot;335551620&quot;:6,&quot;335559737&quot;:2797,&quot;335559740&quot;:276}\">\u00a0<\/span><\/p>\n<\/div>\n<ul>\n<li>\n<p><img decoding=\"async\" src=\"\/wp-content\/uploads\/2024\/09\/j_200209_2.jpg\" alt=\"\"><\/p>\n<h3>Harburg Arcaden, Handelszentrum mit  Praxen und Wohnungen, Hamburg-Harburg 2002<\/h3>\n<\/li>\n<li>\n<p><img decoding=\"async\" src=\"\/wp-content\/uploads\/2024\/09\/j_200209_3.jpg\" alt=\"\"><\/p>\n<h3>Harburg Arcaden, Handelszentrum mit  Praxen und Wohnungen, Hamburg-Harburg 2002<\/h3>\n<\/li>\n<li>\n<p><img decoding=\"async\" src=\"\/wp-content\/uploads\/2024\/09\/j_200209_4.jpg\" alt=\"\"><\/p>\n<h3>Harburg Arcaden, Handelszentrum mit  Praxen und Wohnungen, Hamburg-Harburg 2002<\/h3>\n<\/li>\n<li>\n<p><img decoding=\"async\" src=\"\/wp-content\/uploads\/2024\/09\/j_200209_5.jpg\" alt=\"\"><\/p>\n<h3>Harburg Arcaden, Handelszentrum mit  Praxen und Wohnungen, Hamburg-Harburg 2002<\/h3>\n<\/li>\n<\/ul>\n<div>\n<p>    <button onclick=\"goBack()\" class=\"uk-button uk-button-primary\" style=\"background-color: #fAfAfA; color: #111; border-color: transparent;\">Zur\u00fcck zur \u00dcbersicht<\/button>\n<\/div>\n<p><!--more--><br \/>\n<!-- {\"type\":\"layout\",\"children\":[{\"type\":\"section\",\"props\":{\"image_position\":\"center-center\",\"padding_remove_top\":true,\"style\":\"default\",\"title_breakpoint\":\"xl\",\"title_position\":\"top-left\",\"title_rotation\":\"left\",\"vertical_align\":\"\",\"width\":\"default\"},\"children\":[{\"type\":\"row\",\"children\":[{\"type\":\"column\",\"props\":{\"image_position\":\"center-center\",\"position_sticky_breakpoint\":\"m\"},\"children\":[{\"type\":\"image\",\"props\":{\"image\":\"wp-content\\\/uploads\\\/2024\\\/09\\\/j_200209.jpg\",\"image_alt\":\"Harburg Arcaden, Handelszentrum mit Praxen und Wohnungen, Hamburg-Harburg 2002\",\"image_svg_color\":\"emphasis\",\"image_width\":\"1759\",\"margin\":\"default\"}},{\"type\":\"headline\",\"props\":{\"content\":\"<span data-contrast=\\\"auto\\\" xml:lang=\\\"UK\\\" lang=\\\"UK\\\" class=\\\"TextRun SCXW154672730 BCX8\\\"><span class=\\\"NormalTextRun SCXW154672730 BCX8\\\">Harburg Arcaden, Handelszentrum mit<\\\/span><\\\/span><span class=\\\"LineBreakBlob BlobObject DragDrop SCXW154672730 BCX8\\\"><span class=\\\"SCXW154672730 BCX8\\\">\\u00a0<\\\/span><br class=\\\"SCXW154672730 BCX8\\\" \\\/><\\\/span><span data-contrast=\\\"auto\\\" xml:lang=\\\"UK\\\" lang=\\\"UK\\\" class=\\\"TextRun SCXW154672730 BCX8\\\"><span class=\\\"NormalTextRun SCXW154672730 BCX8\\\">Praxen und Wohnungen, Hamburg-Harburg 2002<\\\/span><\\\/span>\",\"content_en_us\":\"<span data-contrast=\\\"none\\\" xml:lang=\\\"EN-GB\\\" lang=\\\"EN-GB\\\" class=\\\"TextRun SCXW12995728 BCX8\\\"><span class=\\\"NormalTextRun SCXW12995728 BCX8\\\" data-ccp-parastyle=\\\"Body Text 2\\\">Harburg Arcades, trade center with practices and apartments Hamburg-Harburg 2002<\\\/span><\\\/span><span class=\\\"EOP SCXW12995728 BCX8\\\" data-ccp-props=\\\"{&quot;201341983&quot;:0,&quot;335559737&quot;:2792,&quot;335559739&quot;:120,&quot;335559740&quot;:276}\\\">\\u00a0<\\\/span>\",\"css\":\".el-element, .el-element p {\\nfont-size:25px; font-weight: 400; font-family: HermesFB-Regular !important;\\n}\",\"title_element\":\"h1\",\"title_style\":\"h2\"}},{\"type\":\"text\",\"props\":{\"column_breakpoint\":\"m\",\"content\":\"\n\n<p><span data-contrast=\\\"auto\\\">Das Innerst\\u00e4dtische Einkaufszentrum f\\u00fcllt unter Einbeziehung bestehender Geb\\u00e4ude\\u00a0 einen Block. Die Einkaufsstra\\u00dfe verbindet auf drei Geschossen bogenf\\u00f6rmig die Fu\\u00dfg\\u00e4ngerzone mit dem Rathausplatz und dem Wochenmarkt. Die dar\\u00fcber liegenden Wohn-, Praxen- und Parkfl\\u00e4chen korrespondieren mit den angrenzenden H\\u00f6hen des Bestandes und stellen so den historischen Stadtraum wieder her.<\\\/span><span data-ccp-props=\\\"{&quot;201341983&quot;:0,&quot;335559737&quot;:2797,&quot;335559740&quot;:276}\\\">\\u00a0<\\\/span><\\\/p>\\n\n\n<p><span data-contrast=\\\"auto\\\">Entwurf und <\\\/span><span data-contrast=\\\"auto\\\">Projektleitung im Auftrag von <\\\/span><span data-contrast=\\\"auto\\\">gmp<\\\/span><span data-ccp-props=\\\"{&quot;201341983&quot;:0,&quot;335559737&quot;:2797,&quot;335559740&quot;:276}\\\">\\u00a0<\\\/span><\\\/p>\\n\n\n<p><span data-contrast=\\\"auto\\\">Foto: K<\\\/span><span data-contrast=\\\"auto\\\">.<\\\/span><span data-contrast=\\\"auto\\\"> Frahm<\\\/span><span data-ccp-props=\\\"{&quot;201341983&quot;:0,&quot;335551550&quot;:6,&quot;335551620&quot;:6,&quot;335559737&quot;:2797,&quot;335559740&quot;:276}\\\">\\u00a0<\\\/span><\\\/p>\",\"content_en_us\":\"\n\n<p><span data-contrast=\\\"none\\\">The inner-city shopping centre fills one block, incorporating the existing building. The shopping street connects the pedestrian zone with the town hall square and the weekly market on three curved storeys. The residential-, practice-, and park areas correspond to the heights of the adjacent existing buildings and thus reconstruct the historical urban space.\\u00a0<\\\/span><span data-ccp-props=\\\"{&quot;201341983&quot;:0,&quot;335559737&quot;:2792,&quot;335559740&quot;:276}\\\">\\u00a0<\\\/span><\\\/p>\\n\n\n<p><span data-contrast=\\\"auto\\\">Design and project management commissioned by gmp<\\\/span><\\\/p>\\n\n\n<p><span data-contrast=\\\"none\\\">Photo: K. Frahm<\\\/span><span data-ccp-props=\\\"{&quot;201341983&quot;:0,&quot;335559737&quot;:2792,&quot;335559740&quot;:276}\\\">\\u00a0<\\\/span><\\\/p>\",\"margin\":\"default\"}}]}]}],\"name\":\"Header image + headline + text | DE & EN\"},{\"type\":\"section\",\"props\":{\"image_position\":\"center-center\",\"style\":\"default\",\"title_breakpoint\":\"xl\",\"title_position\":\"top-left\",\"title_rotation\":\"left\",\"vertical_align\":\"\",\"width\":\"default\"},\"children\":[{\"type\":\"row\",\"children\":[{\"type\":\"column\",\"props\":{\"image_position\":\"center-center\",\"position_sticky_breakpoint\":\"m\"},\"children\":[{\"type\":\"grid\",\"props\":{\"content_column_breakpoint\":\"m\",\"css\":\".el-title {\\nfont-size:15px;\\n}\\n\\n.el-image {\\nmax-height:900px;\\nwidth:auto;\\n}\",\"filter_align\":\"left\",\"filter_all\":true,\"filter_grid_breakpoint\":\"m\",\"filter_grid_width\":\"auto\",\"filter_position\":\"top\",\"filter_style\":\"tab\",\"grid_column_align\":true,\"grid_default\":\"1\",\"grid_masonry\":\"pack\",\"grid_medium\":\"1\",\"grid_row_align\":true,\"icon_width\":80,\"image_align\":\"top\",\"image_grid_breakpoint\":\"m\",\"image_grid_width\":\"1-2\",\"image_link\":true,\"image_svg_color\":\"emphasis\",\"item_animation\":true,\"lightbox\":true,\"lightbox_image_orientation\":true,\"link_style\":\"default\",\"link_text\":\"\",\"margin\":\"default\",\"meta_align\":\"below-title\",\"meta_element\":\"div\",\"meta_style\":\"text-meta\",\"panel_link\":true,\"show_content\":true,\"show_image\":true,\"show_link\":true,\"show_meta\":true,\"show_title\":false,\"text_align\":\"center\",\"title_align\":\"top\",\"title_element\":\"h3\",\"title_grid_breakpoint\":\"m\",\"title_grid_width\":\"1-2\",\"title_hover_style\":\"reset\"},\"children\":[{\"type\":\"grid_item\",\"props\":{\"image\":\"wp-content\\\/uploads\\\/2024\\\/09\\\/j_200209_2.jpg\",\"title\":\"Harburg Arcaden, Handelszentrum mit  Praxen und Wohnungen, Hamburg-Harburg 2002\"}},{\"type\":\"grid_item\",\"props\":{\"image\":\"wp-content\\\/uploads\\\/2024\\\/09\\\/j_200209_3.jpg\",\"title\":\"Harburg Arcaden, Handelszentrum mit  Praxen und Wohnungen, Hamburg-Harburg 2002\"}},{\"type\":\"grid_item\",\"props\":{\"image\":\"wp-content\\\/uploads\\\/2024\\\/09\\\/j_200209_4.jpg\",\"title\":\"Harburg Arcaden, Handelszentrum mit  Praxen und Wohnungen, Hamburg-Harburg 2002\"}},{\"type\":\"grid_item\",\"props\":{\"image\":\"wp-content\\\/uploads\\\/2024\\\/09\\\/j_200209_5.jpg\",\"title\":\"Harburg Arcaden, Handelszentrum mit  Praxen und Wohnungen, Hamburg-Harburg 2002\"}}]}]}]}],\"name\":\"Image-Grid\"},{\"type\":\"section\",\"props\":{\"image_position\":\"center-center\",\"style\":\"default\",\"title_breakpoint\":\"xl\",\"title_position\":\"top-left\",\"title_rotation\":\"left\",\"vertical_align\":\"\",\"width\":\"default\"},\"children\":[{\"type\":\"row\",\"children\":[{\"type\":\"column\",\"props\":{\"image_position\":\"center-center\",\"position_sticky_breakpoint\":\"m\"},\"children\":[{\"type\":\"html\",\"props\":{\"content\":\"<button onclick=\\\"goBack()\\\" class=\\\"uk-button uk-button-primary\\\" style=\\\"background-color: #fAfAfA; color: #111; border-color: transparent;\\\">Zur\\u00fcck zur \\u00dcbersicht<\\\/button>\",\"content_en_us\":\"<button onclick=\\\"goBack()\\\" class=\\\"uk-button uk-button-primary\\\" style=\\\"background-color: #fAfAfA; color: #111; border-color: transparent;\\\">Back to the overview<\\\/button>\",\"css\":\".el-element {\\ntext-align:center;\\n}\"}}]}]}],\"name\":\"Back to overview button\"}],\"version\":\"4.4.7\"} --><\/p>\n","protected":false},"excerpt":{"rendered":"<p>Harburg Arcaden, Handelszentrum mit\u00a0Praxen und Wohnungen, Hamburg-Harburg 2002 Das Innerst\u00e4dtische Einkaufszentrum f\u00fcllt unter Einbeziehung bestehender Geb\u00e4ude\u00a0 einen Block. Die Einkaufsstra\u00dfe verbindet auf drei Geschossen bogenf\u00f6rmig die Fu\u00dfg\u00e4ngerzone mit dem Rathausplatz und dem Wochenmarkt. Die dar\u00fcber liegenden Wohn-, Praxen- und Parkfl\u00e4chen korrespondieren mit den angrenzenden H\u00f6hen des Bestandes und stellen so den historischen Stadtraum wieder her.\u00a0 [&hellip;]<\/p>\n","protected":false},"author":2,"featured_media":567,"comment_status":"open","ping_status":"open","sticky":false,"template":"","format":"standard","meta":{"footnotes":""},"categories":[13,17,32,19,31],"tags":[14,24,34,21,33],"class_list":["post-1372","post","type-post","status-publish","format-standard","has-post-thumbnail","hentry","category-denkmal","category-ensemble","category-handel","category-privat","category-verkehr","tag-denkmal","tag-ensemble","tag-handel","tag-privat","tag-verkehr"],"_links":{"self":[{"href":"https:\/\/gebhardt-architekt.com\/en\/wp-json\/wp\/v2\/posts\/1372","targetHints":{"allow":["GET"]}}],"collection":[{"href":"https:\/\/gebhardt-architekt.com\/en\/wp-json\/wp\/v2\/posts"}],"about":[{"href":"https:\/\/gebhardt-architekt.com\/en\/wp-json\/wp\/v2\/types\/post"}],"author":[{"embeddable":true,"href":"https:\/\/gebhardt-architekt.com\/en\/wp-json\/wp\/v2\/users\/2"}],"replies":[{"embeddable":true,"href":"https:\/\/gebhardt-architekt.com\/en\/wp-json\/wp\/v2\/comments?post=1372"}],"version-history":[{"count":4,"href":"https:\/\/gebhardt-architekt.com\/en\/wp-json\/wp\/v2\/posts\/1372\/revisions"}],"predecessor-version":[{"id":1376,"href":"https:\/\/gebhardt-architekt.com\/en\/wp-json\/wp\/v2\/posts\/1372\/revisions\/1376"}],"wp:featuredmedia":[{"embeddable":true,"href":"https:\/\/gebhardt-architekt.com\/en\/wp-json\/wp\/v2\/media\/567"}],"wp:attachment":[{"href":"https:\/\/gebhardt-architekt.com\/en\/wp-json\/wp\/v2\/media?parent=1372"}],"wp:term":[{"taxonomy":"category","embeddable":true,"href":"https:\/\/gebhardt-architekt.com\/en\/wp-json\/wp\/v2\/categories?post=1372"},{"taxonomy":"post_tag","embeddable":true,"href":"https:\/\/gebhardt-architekt.com\/en\/wp-json\/wp\/v2\/tags?post=1372"}],"curies":[{"name":"wp","href":"https:\/\/api.w.org\/{rel}","templated":true}]}}