{"id":1276,"date":"2024-09-12T00:29:49","date_gmt":"2024-09-11T22:29:49","guid":{"rendered":"https:\/\/wordpress.gebhardt-architekt.com\/?p=1276"},"modified":"2025-01-20T13:23:31","modified_gmt":"2025-01-20T12:23:31","slug":"leipziger-strasse-berlin-2000","status":"publish","type":"post","link":"https:\/\/gebhardt-architekt.com\/en\/2024\/09\/12\/leipziger-strasse-berlin-2000\/","title":{"rendered":"Leipziger Stra\u00dfe, Berlin 2000\u00a0"},"content":{"rendered":"<p><img decoding=\"async\" src=\"\/wp-content\/uploads\/2024\/09\/j_200002.jpg\" alt=\"Leipziger Stra\u00dfe, Berlin 2000\"><\/p>\n<h1><span data-contrast=\"auto\" xml:lang=\"UK\" lang=\"UK\" class=\"TextRun SCXW218143337 BCX8\"><span class=\"NormalTextRun SCXW218143337 BCX8\">Leipziger Stra\u00dfe, Berlin 2000<\/span><\/span><span class=\"EOP SCXW218143337 BCX8\" data-ccp-props=\"{&quot;201341983&quot;:0,&quot;335559737&quot;:2797,&quot;335559740&quot;:276}\">\u00a0<\/span><\/h1>\n<div>\n<p><span data-contrast=\"auto\">Die geplante Bebauung erg\u00e4nzt mit ihrer Wohn-, B\u00fcro- und Handelsnutzung das Umfeld aus Regierungsbauten. Gro\u00dfz\u00fcgige Eingangshallen \u00f6ffnen sich zu zweigeschossigen Arkaden. Erdgeschossige Handelsfl\u00e4chen sorgen f\u00fcr einen st\u00e4dtischen Charakter. Zwei separat erschlossene Wohngeschosse sind \u00fcber einen Dachgarten auf den Blick \u00fcber die Stadt ausgerichtet.<\/span><span data-ccp-props=\"{&quot;201341983&quot;:0,&quot;335559737&quot;:2797,&quot;335559740&quot;:276}\">\u00a0<\/span><\/p>\n<p><span data-contrast=\"auto\">Entwurf und <\/span><span data-contrast=\"auto\">Projektleitung im Auftrag von <\/span><span data-contrast=\"auto\">gmp<\/span><span data-ccp-props=\"{&quot;201341983&quot;:0,&quot;335559737&quot;:2797,&quot;335559740&quot;:276}\">\u00a0<\/span><\/p>\n<p><span data-contrast=\"auto\">Perspektive: H<\/span><span data-contrast=\"auto\">.<\/span><span data-contrast=\"auto\"> Akyol<\/span><span data-ccp-props=\"{&quot;201341983&quot;:0,&quot;335559737&quot;:2797,&quot;335559740&quot;:276}\">\u00a0<\/span><\/p>\n<\/div>\n<div>\n<p>    <button onclick=\"goBack()\" class=\"uk-button uk-button-primary\" style=\"background-color: #fAfAfA; color: #111; border-color: transparent;\">Zur\u00fcck zur \u00dcbersicht<\/button>\n<\/div>\n<p><!--more--><br \/>\n<!-- {\"type\":\"layout\",\"children\":[{\"type\":\"section\",\"props\":{\"image_position\":\"center-center\",\"padding_remove_top\":true,\"style\":\"default\",\"title_breakpoint\":\"xl\",\"title_position\":\"top-left\",\"title_rotation\":\"left\",\"vertical_align\":\"\",\"width\":\"default\"},\"children\":[{\"type\":\"row\",\"children\":[{\"type\":\"column\",\"props\":{\"image_position\":\"center-center\",\"position_sticky_breakpoint\":\"m\"},\"children\":[{\"type\":\"image\",\"props\":{\"image\":\"wp-content\\\/uploads\\\/2024\\\/09\\\/j_200002.jpg\",\"image_alt\":\"Leipziger Stra\\u00dfe, Berlin 2000\",\"image_svg_color\":\"emphasis\",\"image_width\":\"1759\",\"margin\":\"default\"}},{\"type\":\"headline\",\"props\":{\"content\":\"<span data-contrast=\\\"auto\\\" xml:lang=\\\"UK\\\" lang=\\\"UK\\\" class=\\\"TextRun SCXW218143337 BCX8\\\"><span class=\\\"NormalTextRun SCXW218143337 BCX8\\\">Leipziger Stra\\u00dfe, Berlin 2000<\\\/span><\\\/span><span class=\\\"EOP SCXW218143337 BCX8\\\" data-ccp-props=\\\"{&quot;201341983&quot;:0,&quot;335559737&quot;:2797,&quot;335559740&quot;:276}\\\">\\u00a0<\\\/span>\",\"content_en_us\":\"<span data-contrast=\\\"auto\\\" xml:lang=\\\"EN-GB\\\" lang=\\\"EN-GB\\\" class=\\\"TextRun SCXW54894732 BCX8\\\"><span class=\\\"SpellingError SCXW54894732 BCX8\\\">Leipziger<\\\/span><span class=\\\"NormalTextRun SCXW54894732 BCX8\\\"> <\\\/span><span class=\\\"SpellingError SCXW54894732 BCX8\\\">Stra\\u00dfe<\\\/span><span class=\\\"NormalTextRun SCXW54894732 BCX8\\\">, Berlin 2000<\\\/span><\\\/span><span class=\\\"EOP SCXW54894732 BCX8\\\" data-ccp-props=\\\"{&quot;201341983&quot;:0,&quot;335559737&quot;:2797,&quot;335559740&quot;:276}\\\">\\u00a0<\\\/span>\",\"css\":\".el-element, .el-element p {\\nfont-size:25px; font-weight: 400; font-family: HermesFB-Regular !important;\\n}\",\"title_element\":\"h1\",\"title_style\":\"h2\"}},{\"type\":\"text\",\"props\":{\"column_breakpoint\":\"m\",\"content\":\"\n\n<p><span data-contrast=\\\"auto\\\">Die geplante Bebauung erg\\u00e4nzt mit ihrer Wohn-, B\\u00fcro- und Handelsnutzung das Umfeld aus Regierungsbauten. Gro\\u00dfz\\u00fcgige Eingangshallen \\u00f6ffnen sich zu zweigeschossigen Arkaden. Erdgeschossige Handelsfl\\u00e4chen sorgen f\\u00fcr einen st\\u00e4dtischen Charakter. Zwei separat erschlossene Wohngeschosse sind \\u00fcber einen Dachgarten auf den Blick \\u00fcber die Stadt ausgerichtet.<\\\/span><span data-ccp-props=\\\"{&quot;201341983&quot;:0,&quot;335559737&quot;:2797,&quot;335559740&quot;:276}\\\">\\u00a0<\\\/span><\\\/p>\\n\n\n<p><span data-contrast=\\\"auto\\\">Entwurf und <\\\/span><span data-contrast=\\\"auto\\\">Projektleitung im Auftrag von <\\\/span><span data-contrast=\\\"auto\\\">gmp<\\\/span><span data-ccp-props=\\\"{&quot;201341983&quot;:0,&quot;335559737&quot;:2797,&quot;335559740&quot;:276}\\\">\\u00a0<\\\/span><\\\/p>\\n\n\n<p><span data-contrast=\\\"auto\\\">Perspektive: H<\\\/span><span data-contrast=\\\"auto\\\">.<\\\/span><span data-contrast=\\\"auto\\\"> Akyol<\\\/span><span data-ccp-props=\\\"{&quot;201341983&quot;:0,&quot;335559737&quot;:2797,&quot;335559740&quot;:276}\\\">\\u00a0<\\\/span><\\\/p>\",\"content_en_us\":\"\n\n<p><span data-contrast=\\\"auto\\\">The planned development with its residential-, office-, and commercial use supplements the surrounding government buildings. Spacious entrance halls open up onto two-storey arcades. Ground floor commercial and trade areas provide an urban character. Two residential storeys that can be accessed separately are oriented towards the city with views from the roof garden.<\\\/span><span data-ccp-props=\\\"{&quot;201341983&quot;:0,&quot;335559737&quot;:2792,&quot;335559739&quot;:120,&quot;335559740&quot;:276}\\\">\\u00a0<\\\/span><\\\/p>\\n\n\n<p><span data-contrast=\\\"auto\\\">Design and project management commissioned by gmp\\u00a0<\\\/span><span data-ccp-props=\\\"{&quot;201341983&quot;:0,&quot;335559739&quot;:120,&quot;335559740&quot;:276}\\\">\\u00a0<\\\/span><\\\/p>\\n\n\n<p><span data-contrast=\\\"auto\\\">Perspectives: H. Akyol<\\\/span><span data-ccp-props=\\\"{&quot;201341983&quot;:0,&quot;335559739&quot;:120,&quot;335559740&quot;:276}\\\">\\u00a0<\\\/span><\\\/p>\",\"margin\":\"default\"}}]}]}],\"name\":\"Header image + headline + text | DE & EN\"},{\"type\":\"section\",\"props\":{\"image_position\":\"center-center\",\"style\":\"default\",\"title_breakpoint\":\"xl\",\"title_position\":\"top-left\",\"title_rotation\":\"left\",\"vertical_align\":\"\",\"width\":\"default\"},\"children\":[{\"type\":\"row\",\"children\":[{\"type\":\"column\",\"props\":{\"image_position\":\"center-center\",\"position_sticky_breakpoint\":\"m\"},\"children\":[{\"type\":\"html\",\"props\":{\"content\":\"<button onclick=\\\"goBack()\\\" class=\\\"uk-button uk-button-primary\\\" style=\\\"background-color: #fAfAfA; color: #111; border-color: transparent;\\\">Zur\\u00fcck zur \\u00dcbersicht<\\\/button>\",\"content_en_us\":\"<button onclick=\\\"goBack()\\\" class=\\\"uk-button uk-button-primary\\\" style=\\\"background-color: #fAfAfA; color: #111; border-color: transparent;\\\">Back to the overview<\\\/button>\",\"css\":\".el-element {\\ntext-align:center;\\n}\"}}]}]}],\"name\":\"Back to overview button\"}],\"version\":\"4.4.7\"} --><\/p>\n","protected":false},"excerpt":{"rendered":"<p>Leipziger Stra\u00dfe, Berlin 2000\u00a0 Die geplante Bebauung erg\u00e4nzt mit ihrer Wohn-, B\u00fcro- und Handelsnutzung das Umfeld aus Regierungsbauten. Gro\u00dfz\u00fcgige Eingangshallen \u00f6ffnen sich zu zweigeschossigen Arkaden. Erdgeschossige Handelsfl\u00e4chen sorgen f\u00fcr einen st\u00e4dtischen Charakter. Zwei separat erschlossene Wohngeschosse sind \u00fcber einen Dachgarten auf den Blick \u00fcber die Stadt ausgerichtet.\u00a0 Entwurf und Projektleitung im Auftrag von gmp\u00a0 Perspektive: [&hellip;]<\/p>\n","protected":false},"author":2,"featured_media":479,"comment_status":"open","ping_status":"open","sticky":false,"template":"","format":"standard","meta":{"footnotes":""},"categories":[18,32,19],"tags":[23,34,21],"class_list":["post-1276","post","type-post","status-publish","format-standard","has-post-thumbnail","hentry","category-buero","category-handel","category-privat","tag-buero","tag-handel","tag-privat"],"_links":{"self":[{"href":"https:\/\/gebhardt-architekt.com\/en\/wp-json\/wp\/v2\/posts\/1276","targetHints":{"allow":["GET"]}}],"collection":[{"href":"https:\/\/gebhardt-architekt.com\/en\/wp-json\/wp\/v2\/posts"}],"about":[{"href":"https:\/\/gebhardt-architekt.com\/en\/wp-json\/wp\/v2\/types\/post"}],"author":[{"embeddable":true,"href":"https:\/\/gebhardt-architekt.com\/en\/wp-json\/wp\/v2\/users\/2"}],"replies":[{"embeddable":true,"href":"https:\/\/gebhardt-architekt.com\/en\/wp-json\/wp\/v2\/comments?post=1276"}],"version-history":[{"count":6,"href":"https:\/\/gebhardt-architekt.com\/en\/wp-json\/wp\/v2\/posts\/1276\/revisions"}],"predecessor-version":[{"id":1454,"href":"https:\/\/gebhardt-architekt.com\/en\/wp-json\/wp\/v2\/posts\/1276\/revisions\/1454"}],"wp:featuredmedia":[{"embeddable":true,"href":"https:\/\/gebhardt-architekt.com\/en\/wp-json\/wp\/v2\/media\/479"}],"wp:attachment":[{"href":"https:\/\/gebhardt-architekt.com\/en\/wp-json\/wp\/v2\/media?parent=1276"}],"wp:term":[{"taxonomy":"category","embeddable":true,"href":"https:\/\/gebhardt-architekt.com\/en\/wp-json\/wp\/v2\/categories?post=1276"},{"taxonomy":"post_tag","embeddable":true,"href":"https:\/\/gebhardt-architekt.com\/en\/wp-json\/wp\/v2\/tags?post=1276"}],"curies":[{"name":"wp","href":"https:\/\/api.w.org\/{rel}","templated":true}]}}